{"id":55447,"date":"2023-09-02T10:10:20","date_gmt":"2023-09-02T08:10:20","guid":{"rendered":"https:\/\/euwps06.newsmemory.com\/ilmercoledi\/news\/?p=55447"},"modified":"2024-08-29T03:41:54","modified_gmt":"2023-11-03T03:41:54","slug":"fiera-nazionale-del-peperone-2023-folla-alla-prima-con-manuela-arcuri-e-stasera-ce-brignano","status":"publish","type":"post","link":"https:\/\/www.ilmercoledi.news\/2023\/09\/02\/fiera-nazionale-del-peperone-2023-folla-alla-prima-con-manuela-arcuri-e-stasera-ce-brignano\/","title":{"rendered":"Fiera nazionale del Peperone 2023: folla alla &#8220;prima&#8221; con Manuela Arcuri. E stasera c&#8217;\u00e8 Brignano"},"content":{"rendered":"<p>Folla e tanti applausi per il taglio del nastro della <strong>74a Fiera nazionale del Peperone di Carmagnola<\/strong>, inaugurata venerd\u00ec sera 1 settembre dal sindaco <strong>Ivana Gaveglio<\/strong> in splendida forma con una madrina d&#8217;eccezione: <strong>Manuela Arcuri<\/strong>.<\/p>\n<p>A Tinto il compito (riuscitissimo) di presentare la serata ricca di personalit\u00e0, tra cui il ministro <strong>Gilberto Pichetto Fratin<\/strong> e il presidente della Regione <strong>Alberto Ciri<\/strong>o, in queste ore impegnati nel difficile compito di studiare un piano che preservi l&#8217;ambiente dall&#8217;inquinamento e permetta allo stesso tempo agli <strong>Euro5 Diesel<\/strong> di circolare in Piemonte. Governo ottimista? &#8220;Il governo dev&#8217;essere ottimista d&#8217;animo ma non esprimere opinioni &#8211; ha detto Pichetto Fratin &#8211; Lavoriamo concretamente e vedremo&#8221;.<\/p>\n<p>Intanto, una buona notizia per il Pronto Soccorso del <strong>San Lorenzo<\/strong>: &#8220;Resta aperto h24 e lo rester\u00e0 sempre &#8211; ha detto Cirio &#8211; perch\u00e9 la salute \u00e8 un diritto che non ha orario&#8221;.<\/p>\n<p>&nbsp;<\/p>\n<p>Nelle foto che seguono alcuni momenti della serata inaugurale della Fiera nazionale del Peperone, ed. 74:<\/p>\n<p><a href=\"https:\/\/www.ilmercoledi.news\/ilmercoledi\/news\/wp-content\/uploads\/sites\/3\/2023\/09\/fiera-del-peperone-2023-2.jpg\"><img alt=\"Fiera nazionale del Peperone 2023: folla alla \"prima\" con Manuela Arcuri. E stasera c'\u00e8 Brignano\" title=\"Fiera nazionale del Peperone 2023: folla alla \"prima\" con Manuela Arcuri. E stasera c'\u00e8 Brignano\" loading=\"lazy\" class=\"size-medium wp-image-59750\" src=\"https:\/\/www.ilmercoledi.news\/ilmercoledi\/news\/wp-content\/uploads\/sites\/3\/2023\/09\/fiera-del-peperone-2023-2-300x226.jpg\" alt=\"\" width=\"300\" height=\"226\" \/><\/a> <a href=\"https:\/\/www.ilmercoledi.news\/ilmercoledi\/news\/wp-content\/uploads\/sites\/3\/2023\/09\/fiera-del-peperone-2023-4.jpg\"><img alt=\"Fiera nazionale del Peperone 2023: folla alla \"prima\" con Manuela Arcuri. E stasera c'\u00e8 Brignano\" title=\"Fiera nazionale del Peperone 2023: folla alla \"prima\" con Manuela Arcuri. E stasera c'\u00e8 Brignano\" loading=\"lazy\" class=\"size-medium wp-image-59749\" src=\"https:\/\/www.ilmercoledi.news\/ilmercoledi\/news\/wp-content\/uploads\/sites\/3\/2023\/09\/fiera-del-peperone-2023-4-300x223.jpg\" alt=\"\" width=\"300\" height=\"223\" \/><\/a> <a href=\"https:\/\/www.ilmercoledi.news\/ilmercoledi\/news\/wp-content\/uploads\/sites\/3\/2023\/09\/fiera-del-peperone-2023-8.jpg\"><img alt=\"Fiera nazionale del Peperone 2023: folla alla \"prima\" con Manuela Arcuri. E stasera c'\u00e8 Brignano\" title=\"Fiera nazionale del Peperone 2023: folla alla \"prima\" con Manuela Arcuri. E stasera c'\u00e8 Brignano\" loading=\"lazy\" class=\"size-medium wp-image-59748\" src=\"https:\/\/www.ilmercoledi.news\/ilmercoledi\/news\/wp-content\/uploads\/sites\/3\/2023\/09\/fiera-del-peperone-2023-8-300x228.jpg\" alt=\"\" width=\"300\" height=\"228\" \/><\/a> <a href=\"https:\/\/www.ilmercoledi.news\/ilmercoledi\/news\/wp-content\/uploads\/sites\/3\/2023\/09\/fiera-del-peperone-2023-7.jpg\"><img alt=\"Fiera nazionale del Peperone 2023: folla alla \"prima\" con Manuela Arcuri. E stasera c'\u00e8 Brignano\" title=\"Fiera nazionale del Peperone 2023: folla alla \"prima\" con Manuela Arcuri. E stasera c'\u00e8 Brignano\" loading=\"lazy\" class=\"size-medium wp-image-59747\" src=\"https:\/\/www.ilmercoledi.news\/ilmercoledi\/news\/wp-content\/uploads\/sites\/3\/2023\/09\/fiera-del-peperone-2023-7-300x224.jpg\" alt=\"\" width=\"300\" height=\"224\" \/><\/a> <a href=\"https:\/\/www.ilmercoledi.news\/ilmercoledi\/news\/wp-content\/uploads\/sites\/3\/2023\/09\/fiera-del-peperone-2023-6.jpg\"><img alt=\"Fiera nazionale del Peperone 2023: folla alla \"prima\" con Manuela Arcuri. E stasera c'\u00e8 Brignano\" title=\"Fiera nazionale del Peperone 2023: folla alla \"prima\" con Manuela Arcuri. E stasera c'\u00e8 Brignano\" loading=\"lazy\" class=\"size-medium wp-image-59746\" src=\"https:\/\/www.ilmercoledi.news\/ilmercoledi\/news\/wp-content\/uploads\/sites\/3\/2023\/09\/fiera-del-peperone-2023-6-300x282.jpg\" alt=\"\" width=\"300\" height=\"282\" \/><\/a> <a href=\"https:\/\/www.ilmercoledi.news\/ilmercoledi\/news\/wp-content\/uploads\/sites\/3\/2023\/09\/fiera-del-peperone-2023-5.jpg\"><img alt=\"Fiera nazionale del Peperone 2023: folla alla \"prima\" con Manuela Arcuri. E stasera c'\u00e8 Brignano\" title=\"Fiera nazionale del Peperone 2023: folla alla \"prima\" con Manuela Arcuri. E stasera c'\u00e8 Brignano\" loading=\"lazy\" class=\"size-medium wp-image-59745\" src=\"https:\/\/www.ilmercoledi.news\/ilmercoledi\/news\/wp-content\/uploads\/sites\/3\/2023\/09\/fiera-del-peperone-2023-5-300x222.jpg\" alt=\"\" width=\"300\" height=\"222\" \/><\/a> <a href=\"https:\/\/www.ilmercoledi.news\/ilmercoledi\/news\/wp-content\/uploads\/sites\/3\/2023\/09\/fiera-del-peperone-2023-3.jpg\"><img alt=\"Fiera nazionale del Peperone 2023: folla alla \"prima\" con Manuela Arcuri. E stasera c'\u00e8 Brignano\" title=\"Fiera nazionale del Peperone 2023: folla alla \"prima\" con Manuela Arcuri. E stasera c'\u00e8 Brignano\" loading=\"lazy\" class=\"size-medium wp-image-59744\" src=\"https:\/\/www.ilmercoledi.news\/ilmercoledi\/news\/wp-content\/uploads\/sites\/3\/2023\/09\/fiera-del-peperone-2023-3-300x257.jpg\" alt=\"\" width=\"300\" height=\"257\" \/><\/a> <a href=\"https:\/\/www.ilmercoledi.news\/ilmercoledi\/news\/wp-content\/uploads\/sites\/3\/2023\/09\/carmagnola-arcuri-e-stand-peperoni.jpeg\"><img alt=\"Fiera nazionale del Peperone 2023: folla alla \"prima\" con Manuela Arcuri. E stasera c'\u00e8 Brignano\" title=\"Fiera nazionale del Peperone 2023: folla alla \"prima\" con Manuela Arcuri. E stasera c'\u00e8 Brignano\" loading=\"lazy\" class=\"size-medium wp-image-59743\" src=\"https:\/\/www.ilmercoledi.news\/ilmercoledi\/news\/wp-content\/uploads\/sites\/3\/2023\/09\/carmagnola-arcuri-e-stand-peperoni-169x300.jpeg\" alt=\"\" width=\"169\" height=\"300\" \/><\/a><\/p>\n<p>&nbsp;<\/p>\n<p><strong>La Fiera nazionale del Peperone prosegue:<\/strong> questa sera sabato 2 settembre alle 21 c&#8217;\u00e8 il comico, attore e conduttore dai mille volti <strong>Enrico Brignano<\/strong>, protagonista del Foro Festival, nella grande arena all\u2019interno del Foro Boario di Piazza Italia. <b><strong>Brignano porta in scena il suo spettacolo \u201cMa\u2026 diamoci del tu!\u201d, dopo un tour sold out di oltre 30 date,\u00a0<\/strong><\/b>per far ridere e riflettere all\u2019insegna di un rapporto pi\u00f9 personale fra le persone.<\/p>\n<p>In piazza Sant\u2019Agostino, invece, spazio alla\u00a0<b><strong>Cipo Sugar Band,\u00a0<\/strong><\/b>con un omaggio a uno dei pi\u00f9 celebrati e importanti musicisti italiani: Zucchero Sugar Fornaciari dalla band fondata a Torino nel 2016 da Luca \u201cCipo\u201d Sperindio, tra i pi\u00f9 accreditati cantanti tributo di Zucchero che ha partecipato nel 2022 alla trasmissione Rai \u201cTali e Quali Show\u201d e \u201cStar in the Star\u201d su Canale 5.<\/p>\n<p>Sempre in piazza Sant\u2019Agostino, alle ore 16, \u00e8 in programma l\u2019incontro, condotto da Simona Riccio,\u00a0Agrifood &amp; Organic Specialist,\u00a0<b><strong>\u201cCostruire Reti di Eccellenza nel Settore Agroalimentare\u201d<\/strong><\/b>\u00a0che riunisce i rappresentanti dei Distretti del Cibo e della Consulta Nazionale dei Distretti del Cibo per esplorare il mondo dell\u2019agroalimentare, promuovere la sinergia tra professionisti e rafforzare l\u2019identit\u00e0 territoriale, con l\u2019obiettivo \u00e8 costruire reti di collaborazione all\u2019interno del settore agroalimentare.<\/p>\n<p>In programma alle 17 nella Saletta d\u2019Arte Celeghini anche\u00a0<b><strong>l\u2019inaugurazione della mostra di Lara Molinari, cartoonist per la Walt Disney.\u00a0<\/strong><\/b>La disegnatrice ha all\u2019attivo storie, fumetti e copertine per il settimanale Topolino, illustrazioni per videogiochi Playstation e collaborazioni con Disney Channel con albi tradotti e pubblicati in ambito europeo.<\/p>\n<p>&nbsp;<\/p>\n","protected":false},"excerpt":{"rendered":"","protected":false},"author":4,"featured_media":55446,"comment_status":"open","ping_status":"closed","sticky":false,"template":"","format":"standard","meta":[],"categories":[395],"tags":[],"news-destination":[],"news-source":[],"is_homepage":[581],"ta_other":[],"_links":{"self":[{"href":"https:\/\/www.ilmercoledi.news\/ilmercoledi\/news\/wp-json\/wp\/v2\/posts\/55447"}],"collection":[{"href":"https:\/\/www.ilmercoledi.news\/ilmercoledi\/news\/wp-json\/wp\/v2\/posts"}],"about":[{"href":"https:\/\/www.ilmercoledi.news\/ilmercoledi\/news\/wp-json\/wp\/v2\/types\/post"}],"author":[{"embeddable":true,"href":"https:\/\/www.ilmercoledi.news\/ilmercoledi\/news\/wp-json\/wp\/v2\/users\/4"}],"replies":[{"embeddable":true,"href":"https:\/\/www.ilmercoledi.news\/ilmercoledi\/news\/wp-json\/wp\/v2\/comments?post=55447"}],"version-history":[{"count":1,"href":"https:\/\/www.ilmercoledi.news\/ilmercoledi\/news\/wp-json\/wp\/v2\/posts\/55447\/revisions"}],"predecessor-version":[{"id":55450,"href":"https:\/\/www.ilmercoledi.news\/ilmercoledi\/news\/wp-json\/wp\/v2\/posts\/55447\/revisions\/55450"}],"wp:featuredmedia":[{"embeddable":true,"href":"https:\/\/www.ilmercoledi.news\/ilmercoledi\/news\/wp-json\/wp\/v2\/media\/55446"}],"wp:attachment":[{"href":"https:\/\/www.ilmercoledi.news\/ilmercoledi\/news\/wp-json\/wp\/v2\/media?parent=55447"}],"wp:term":[{"taxonomy":"category","embeddable":true,"href":"https:\/\/www.ilmercoledi.news\/ilmercoledi\/news\/wp-json\/wp\/v2\/categories?post=55447"},{"taxonomy":"post_tag","embeddable":true,"href":"https:\/\/www.ilmercoledi.news\/ilmercoledi\/news\/wp-json\/wp\/v2\/tags?post=55447"},{"taxonomy":"news-destination","embeddable":true,"href":"https:\/\/www.ilmercoledi.news\/ilmercoledi\/news\/wp-json\/wp\/v2\/news-destination?post=55447"},{"taxonomy":"news-source","embeddable":true,"href":"https:\/\/www.ilmercoledi.news\/ilmercoledi\/news\/wp-json\/wp\/v2\/news-source?post=55447"},{"taxonomy":"is_homepage","embeddable":true,"href":"https:\/\/www.ilmercoledi.news\/ilmercoledi\/news\/wp-json\/wp\/v2\/is_homepage?post=55447"},{"taxonomy":"ta_other","embeddable":true,"href":"https:\/\/www.ilmercoledi.news\/ilmercoledi\/news\/wp-json\/wp\/v2\/ta_other?post=55447"}],"curies":[{"name":"wp","href":"https:\/\/api.w.org\/{rel}","templated":true}]}}