{"id":55473,"date":"2023-09-04T14:43:12","date_gmt":"2023-09-04T12:43:12","guid":{"rendered":"https:\/\/euwps06.newsmemory.com\/ilmercoledi\/news\/?p=55473"},"modified":"2024-08-29T03:41:54","modified_gmt":"2023-11-03T03:41:54","slug":"carmagnola-gli-appuntamenti-della-fiera-per-il-5-settembre","status":"publish","type":"post","link":"https:\/\/www.ilmercoledi.news\/2023\/09\/04\/carmagnola-gli-appuntamenti-della-fiera-per-il-5-settembre\/","title":{"rendered":"CARMAGNOLA &#8211; Gli appuntamenti della Fiera per il 5 settembre"},"content":{"rendered":"<p>I protagonisti della Fiera Nazionale del Peperone, marted\u00ec 5 settembre, sono\u00a0<b><strong>Marco Ligabue<\/strong><\/b>, il fratello di Luciano, sul palco de Il Foro Festival con la sua storica band I Rio, le sue canzoni, quelle dei pi\u00f9 grandi cantautori italiani e ovviamente del fratello Luciano rivisitate in chiave rock.<\/p>\n<p>A seguire,\u00a0<b><strong>\u201cMania 90\u201d, il grande concerto dance dedicato alla musica degli anni Novanta\u00a0<\/strong><\/b>con Roby Giordana ed Emanuele Caponetto + special guest\u00a0<b><strong>Paolo Noise<\/strong><\/b>, una delle voci simbolo dello Zoo di 105, il programma radiofonico pi\u00f9 irriverente e di successo d\u2019Italia trasmesso tra Radio 105.<\/p>\n<p>&nbsp;<\/p>\n<p>Mentre sul palco de Il Salotto della Fiera i\u00a0<b><strong>Senso d\u2019Oppio:\u00a0<\/strong><\/b>Franco (il lungo) e Pietro (il basso), da pi\u00f9 di un decennio facce note della scena cabarettistica torinese. La versatilit\u00e0 artistica e ancor di pi\u00f9 quella culturale, costituisce una delle caratteristiche del loro umorismo ed \u00e8 alla base del successo che stanno riscuotendo sul palco di Zelig e che li sta accompagnando lungo la penisola con il loro nuovo spettacolo.<\/p>\n<p>&nbsp;<\/p>\n<p>PROGRAMMA<\/p>\n<p>&nbsp;<\/p>\n<p>Sala Conferenze, Piazza Sant\u2019Agostino, ore 18<\/p>\n<p><b><strong>Aspassoconme: Showcooking con I Cuochi della Mole, con Rossana Turina<\/strong><\/b><\/p>\n<p>Il format Aspassoconme, creato da Rossana Turina imprenditrice e da sempre impegnata nella diffusione della cultura e nel valore dei territori, in collaborazione con ACPM (associazione Cuochi della Mole) unisce le eccellenze produttive a quelle dell\u2019arte culinaria. Durante l\u2019appuntamento si incontreranno in diretta i cuochi di alcuni ristoranti del torinese che si cimenteranno in speciali ricette dedicate al peperone insieme ad altre eccellenze agricole di Confagricoltura. Partecipa Cristina Cuscun\u00e0 dell\u2019associazione Cuochi della Mole ed a ogni piatto sar\u00e0 abbinato un vino raccontato dal giornalista Alessandro Felis.<\/p>\n<p>Partecipano: Fabio Montagna del ristorante Bacalhau di Torino con la ricetta &#8221; Tartare di peperone di Carmagnola, baccal\u00e0 e seiras&#8221; e Angelo Berton del Circolo Borgata Granero di Perrero con la ricetta &#8221; Tramonto a Carmagnola&#8221;.<\/p>\n<p>&nbsp;<\/p>\n<p>Biblioteca Civica, via Valobra 102, ore 18.30<\/p>\n<p><b><strong>Assemblea dei sindaci del Distretto del cibo Chierese &#8211; Carmagnolese<\/strong><\/b><\/p>\n<p>&nbsp;<\/p>\n<p>Salotto della Fiera, Piazza Sant\u2019Agostino, ore 19<\/p>\n<p><b><strong>Che Musica Maestro, con Renata Cantamessa<\/strong><\/b><\/p>\n<p>Cibo e musica d\u2019autore si incontrano, a cura di Renata Cantamessa e con il patrocinio della Camera di Commercio di Torino. Ospiti del giorno il Birrificio Parsifal di San Raffaele Cimena e l\u2019Azienda Vitivinicola Rossotto di Cinzano, insieme alle esibizioni dell\u2019Associazione SAXMANIA.<\/p>\n<p>&nbsp;<\/p>\n<p>Salotto della Fiera, Piazza Sant\u2019Agostino, ore 19.30<\/p>\n<p><b><strong>Peperone Show, con Renata Cantamessa<\/strong><\/b><\/p>\n<p>La rinascita del commercio di prossimit\u00e0: i primi successi del Distretto Urbano del Commercio (DUC) di Carmagnola. Chiacchierata spettacolo a larga trama con il coinvolgimento di stakeholders del territorio, esperti, innovatori, giornalisti e imprenditori su temi di attualit\u00e0 conditi dall\u2019intrattenimento di comici, cabarettisti, cantanti e musicisti. Con la partecipazione del dj Roby Giordana.<\/p>\n<p>&nbsp;<\/p>\n<p>Pala BTM, viale Garibaldi 29, ore 20<\/p>\n<p><b><strong>Cena al Pala BTM: serata della selvaggina<\/strong><\/b><\/p>\n<p>Il Ristorante della Fiera del Peperone di Carmagnola propone piatti sopraffini preparati con prodotti di eccellenza del territorio, a cura del ristorante\u00a0La Cucina Piemontese.<\/p>\n<p>Men\u00f9: aperitivo di benvenuto con stuzzichini; medaglioni di polenta con rag\u00f9 di capriolo; tiepida di faraona con peperoni arrostiti; penne (pasta Berruto) al rag\u00f9 di selvaggina; cinghiale al brandy; peperonata; Charlotte creola; sorbetto al limone; caff\u00e8 Dicaf; acqua gasata e naturale Hydra; vino bianco e rosso piemontesi Doc. Prezzo: 30 euro, tutto compreso.<\/p>\n<p>Prenotazioni: 389 1849916 o 380 7102328.<\/p>\n<p>&nbsp;<\/p>\n<p>C.A.I., via Bobba 10, ore 20.30-23<\/p>\n<p><b><strong>Porte aperte al C.A.I. Sezione di Carmagnola<\/strong><\/b><\/p>\n<p>&nbsp;<\/p>\n<p>Museo civico Navale, piazza Mazzini 1, ore 20.30-23<\/p>\n<p><b><strong>Apertura serale straordinaria del Museo Civico Navale<\/strong><\/b><\/p>\n<p>Il Museo Civico Navale di Carmagnola documenta la vita quotidiana in mare: la storia della Marina Italiana, le attivit\u00e0 navali dall\u2019Unit\u00e0 d\u2019Italia ad oggi, l\u2019ambiente marino e il modellismo navale.<\/p>\n<p>&nbsp;<\/p>\n<p>Salotto della Fiera, Piazza Sant\u2019Agostino, ore 21<\/p>\n<p><b><strong>Interviste Pekkagolose di Fata Zucchina: chef Guido Fejles e Vittorio Dalla Vecchia<\/strong><\/b><\/p>\n<p>Renata Cantamessa dialoga con Chef Guido Fejles del Ristorante G.A.F. di Cambiano e concorrente di Masterchef 8, e Chef Vittorio Dalla Vecchia del Ristorante Le Vecchie Credenze di Santena. Anteprima della Sagra dell\u2019Asparago di Santena.<\/p>\n<p>&nbsp;<\/p>\n<p>Giardini del Castello, area Bimbi in Fiera, ore 21<\/p>\n<p><b><strong>Pepper Magic Show \u2013 \u201cMagic Show\u201d a cura del Mago Trichetrac<\/strong><\/b><\/p>\n<p>Spettacolo per bambini<\/p>\n<p>&nbsp;<\/p>\n<p>Il Foro Festival, Foro Boario, ore 21<\/p>\n<p><b><strong>Marco Ligabue in concerto<\/strong><\/b><\/p>\n<p>Il fratello di Luciano, sul palco con la sua storica band I Rio, le sue canzoni, quelle dei pi\u00f9 grandi cantautori italiani e ovviamente del fratello Luciano rivisitate in chiave rock. Ingresso gratuito.<\/p>\n<p>&nbsp;<\/p>\n<p>Salotto della Fiera, Piazza Sant\u2019Agostino, ore 21.30<\/p>\n<p><b><strong>Senso d\u2019Oppio<\/strong><\/b>\u00a0<b><strong>Show<\/strong><\/b><\/p>\n<p>Franco (il lungo) e Pietro (il basso) sono da pi\u00f9 di un decennio facce note della scena cabarettistica torinese. La versatilit\u00e0 artistica e ancor di pi\u00f9 quella culturale, costituisce una delle caratteristiche del loro umorismo ed \u00e8 alla base del successo che stanno riscuotendo sul palco di Zelig e che li sta accompagnando lungo la penisola con il loro nuovo spettacolo.<\/p>\n<p>&nbsp;<\/p>\n<p>Il Foro Festival, Foro Boario, ore 22<\/p>\n<p><b><strong>Mania 90<\/strong><\/b>:\u00a0<b><strong>Roby Giordana &amp; Emanuele Caponetto<\/strong><\/b>\u00a0+\u00a0<b><strong>special guest Paolo Noise<\/strong><\/b><\/p>\n<p>Il grande concerto dance dedicato alla musica degli anni Novanta con Roby Giordana ed Emanuele Caponetto + special guest Paolo Noise, una delle voci simbolo dello Zoo di 105, il programma radiofonico pi\u00f9 irriverente e di successo d\u2019Italia trasmesso tra Radio 105. Ingresso gratuito.<\/p>\n","protected":false},"excerpt":{"rendered":"","protected":false},"author":11,"featured_media":47595,"comment_status":"open","ping_status":"closed","sticky":false,"template":"","format":"standard","meta":[],"categories":[34],"tags":[],"news-destination":[],"news-source":[],"is_homepage":[581],"ta_other":[],"_links":{"self":[{"href":"https:\/\/www.ilmercoledi.news\/ilmercoledi\/news\/wp-json\/wp\/v2\/posts\/55473"}],"collection":[{"href":"https:\/\/www.ilmercoledi.news\/ilmercoledi\/news\/wp-json\/wp\/v2\/posts"}],"about":[{"href":"https:\/\/www.ilmercoledi.news\/ilmercoledi\/news\/wp-json\/wp\/v2\/types\/post"}],"author":[{"embeddable":true,"href":"https:\/\/www.ilmercoledi.news\/ilmercoledi\/news\/wp-json\/wp\/v2\/users\/11"}],"replies":[{"embeddable":true,"href":"https:\/\/www.ilmercoledi.news\/ilmercoledi\/news\/wp-json\/wp\/v2\/comments?post=55473"}],"version-history":[{"count":1,"href":"https:\/\/www.ilmercoledi.news\/ilmercoledi\/news\/wp-json\/wp\/v2\/posts\/55473\/revisions"}],"predecessor-version":[{"id":65591,"href":"https:\/\/www.ilmercoledi.news\/ilmercoledi\/news\/wp-json\/wp\/v2\/posts\/55473\/revisions\/65591"}],"wp:featuredmedia":[{"embeddable":true,"href":"https:\/\/www.ilmercoledi.news\/ilmercoledi\/news\/wp-json\/wp\/v2\/media\/47595"}],"wp:attachment":[{"href":"https:\/\/www.ilmercoledi.news\/ilmercoledi\/news\/wp-json\/wp\/v2\/media?parent=55473"}],"wp:term":[{"taxonomy":"category","embeddable":true,"href":"https:\/\/www.ilmercoledi.news\/ilmercoledi\/news\/wp-json\/wp\/v2\/categories?post=55473"},{"taxonomy":"post_tag","embeddable":true,"href":"https:\/\/www.ilmercoledi.news\/ilmercoledi\/news\/wp-json\/wp\/v2\/tags?post=55473"},{"taxonomy":"news-destination","embeddable":true,"href":"https:\/\/www.ilmercoledi.news\/ilmercoledi\/news\/wp-json\/wp\/v2\/news-destination?post=55473"},{"taxonomy":"news-source","embeddable":true,"href":"https:\/\/www.ilmercoledi.news\/ilmercoledi\/news\/wp-json\/wp\/v2\/news-source?post=55473"},{"taxonomy":"is_homepage","embeddable":true,"href":"https:\/\/www.ilmercoledi.news\/ilmercoledi\/news\/wp-json\/wp\/v2\/is_homepage?post=55473"},{"taxonomy":"ta_other","embeddable":true,"href":"https:\/\/www.ilmercoledi.news\/ilmercoledi\/news\/wp-json\/wp\/v2\/ta_other?post=55473"}],"curies":[{"name":"wp","href":"https:\/\/api.w.org\/{rel}","templated":true}]}}