{"id":55559,"date":"2023-09-07T09:16:48","date_gmt":"2023-09-07T07:16:48","guid":{"rendered":"https:\/\/euwps06.newsmemory.com\/ilmercoledi\/news\/?p=55559"},"modified":"2024-08-29T03:41:53","modified_gmt":"2023-11-03T03:41:53","slug":"carmagnola-il-gambero-rosso-stronca-la-fiera-del-peperone-eventi-trash-e-molti-senza-legami","status":"publish","type":"post","link":"https:\/\/www.ilmercoledi.news\/2023\/09\/07\/carmagnola-il-gambero-rosso-stronca-la-fiera-del-peperone-eventi-trash-e-molti-senza-legami\/","title":{"rendered":"CARMAGNOLA &#8211; Il &#8216;Gambero rosso&#8217; stronca la Fiera del Peperone: &#8216;Eventi trash e molti senza legami&#8217;"},"content":{"rendered":"<p>Lo schiuma party organizzato tra gli eventi della festa del Peperone e altri eventi corollari ha scatenato qualche dubbio sul fatto che la kermesse si stia troppo &#8220;allargando&#8221;, nel tentativo di richiamare sempre pi\u00f9 visitatori perdendo un po&#8217; il senso stretto della manifestazione. Tra le critiche, anche quella del &#8220;Gambero Rosso&#8221;: &#8220;La manifestazione consta gi\u00e0 di moltissimi eventi collaterali importanti che con il peperone non hanno niente a che fare, ma almeno hanno portato o porteranno a Carmagnola numerosi artisti fra cui Enrico Ruggeri (in concerto), Manuela Arcuri (come madrina) ed Enrico Brignano e Gianluca Impastato (con due spettacoli). E allora la domanda vuole evidenziare un problema, comune a tante manifestazioni di enogastronomia, e cio\u00e8 se &#8211; nello spasmodico intento di aumentare sempre di pi\u00f9 le presenze &#8211; faccia gioco alla cultura del cibo inserire eventi cos\u00ec lontani dal cibo, oppure la metta pericolosamente in fuorigioco&#8221;.<\/p>\n","protected":false},"excerpt":{"rendered":"","protected":false},"author":11,"featured_media":55312,"comment_status":"open","ping_status":"closed","sticky":false,"template":"","format":"standard","meta":[],"categories":[34],"tags":[],"news-destination":[],"news-source":[],"is_homepage":[581],"ta_other":[],"_links":{"self":[{"href":"https:\/\/www.ilmercoledi.news\/ilmercoledi\/news\/wp-json\/wp\/v2\/posts\/55559"}],"collection":[{"href":"https:\/\/www.ilmercoledi.news\/ilmercoledi\/news\/wp-json\/wp\/v2\/posts"}],"about":[{"href":"https:\/\/www.ilmercoledi.news\/ilmercoledi\/news\/wp-json\/wp\/v2\/types\/post"}],"author":[{"embeddable":true,"href":"https:\/\/www.ilmercoledi.news\/ilmercoledi\/news\/wp-json\/wp\/v2\/users\/11"}],"replies":[{"embeddable":true,"href":"https:\/\/www.ilmercoledi.news\/ilmercoledi\/news\/wp-json\/wp\/v2\/comments?post=55559"}],"version-history":[{"count":1,"href":"https:\/\/www.ilmercoledi.news\/ilmercoledi\/news\/wp-json\/wp\/v2\/posts\/55559\/revisions"}],"predecessor-version":[{"id":65530,"href":"https:\/\/www.ilmercoledi.news\/ilmercoledi\/news\/wp-json\/wp\/v2\/posts\/55559\/revisions\/65530"}],"wp:featuredmedia":[{"embeddable":true,"href":"https:\/\/www.ilmercoledi.news\/ilmercoledi\/news\/wp-json\/wp\/v2\/media\/55312"}],"wp:attachment":[{"href":"https:\/\/www.ilmercoledi.news\/ilmercoledi\/news\/wp-json\/wp\/v2\/media?parent=55559"}],"wp:term":[{"taxonomy":"category","embeddable":true,"href":"https:\/\/www.ilmercoledi.news\/ilmercoledi\/news\/wp-json\/wp\/v2\/categories?post=55559"},{"taxonomy":"post_tag","embeddable":true,"href":"https:\/\/www.ilmercoledi.news\/ilmercoledi\/news\/wp-json\/wp\/v2\/tags?post=55559"},{"taxonomy":"news-destination","embeddable":true,"href":"https:\/\/www.ilmercoledi.news\/ilmercoledi\/news\/wp-json\/wp\/v2\/news-destination?post=55559"},{"taxonomy":"news-source","embeddable":true,"href":"https:\/\/www.ilmercoledi.news\/ilmercoledi\/news\/wp-json\/wp\/v2\/news-source?post=55559"},{"taxonomy":"is_homepage","embeddable":true,"href":"https:\/\/www.ilmercoledi.news\/ilmercoledi\/news\/wp-json\/wp\/v2\/is_homepage?post=55559"},{"taxonomy":"ta_other","embeddable":true,"href":"https:\/\/www.ilmercoledi.news\/ilmercoledi\/news\/wp-json\/wp\/v2\/ta_other?post=55559"}],"curies":[{"name":"wp","href":"https:\/\/api.w.org\/{rel}","templated":true}]}}