{"id":55658,"date":"2023-09-12T15:37:07","date_gmt":"2023-09-12T13:37:07","guid":{"rendered":"https:\/\/euwps06.newsmemory.com\/ilmercoledi\/news\/?p=55658"},"modified":"2024-08-29T03:41:53","modified_gmt":"2023-11-03T03:41:53","slug":"nichelino-una-stazione-per-lanalisi-del-clima-stupinigi","status":"publish","type":"post","link":"https:\/\/www.ilmercoledi.news\/2023\/09\/12\/nichelino-una-stazione-per-lanalisi-del-clima-stupinigi\/","title":{"rendered":"NICHELINO &#8211; Una stazione per l&#8217;analisi del clima a Stupinigi"},"content":{"rendered":"<p>A Nichelino verr\u00e0 installata una stazione meteorologica per l&#8217;analisi del clima. Il progetto si chiama \u201cClimate Reference Station (CRS)\u201d, e consiste nella progettazione e realizzazione di un meccanismo nel parco di Stupinigi, con l&#8217;obiettivo di voler promuovere politiche e azioni volte a contrastare il cambiamento climatico. La stazione nascer\u00e0 presso il parco pubblico di Stupinigi, situato sul lato Ovest di Viale Torino. Sar\u00e0 un sito di riferimento per le misure sul clima, la raccolta dati e la loro registrazione e sar\u00e0 inaugurata in data 17 settembre. Accanto ci sar\u00e0 un&#8217;area didattica per i ragazzi.<\/p>\n","protected":false},"excerpt":{"rendered":"","protected":false},"author":11,"featured_media":542,"comment_status":"open","ping_status":"closed","sticky":false,"template":"","format":"standard","meta":[],"categories":[34],"tags":[],"news-destination":[],"news-source":[],"is_homepage":[581],"ta_other":[],"_links":{"self":[{"href":"https:\/\/www.ilmercoledi.news\/ilmercoledi\/news\/wp-json\/wp\/v2\/posts\/55658"}],"collection":[{"href":"https:\/\/www.ilmercoledi.news\/ilmercoledi\/news\/wp-json\/wp\/v2\/posts"}],"about":[{"href":"https:\/\/www.ilmercoledi.news\/ilmercoledi\/news\/wp-json\/wp\/v2\/types\/post"}],"author":[{"embeddable":true,"href":"https:\/\/www.ilmercoledi.news\/ilmercoledi\/news\/wp-json\/wp\/v2\/users\/11"}],"replies":[{"embeddable":true,"href":"https:\/\/www.ilmercoledi.news\/ilmercoledi\/news\/wp-json\/wp\/v2\/comments?post=55658"}],"version-history":[{"count":1,"href":"https:\/\/www.ilmercoledi.news\/ilmercoledi\/news\/wp-json\/wp\/v2\/posts\/55658\/revisions"}],"predecessor-version":[{"id":55659,"href":"https:\/\/www.ilmercoledi.news\/ilmercoledi\/news\/wp-json\/wp\/v2\/posts\/55658\/revisions\/55659"}],"wp:featuredmedia":[{"embeddable":true,"href":"https:\/\/www.ilmercoledi.news\/ilmercoledi\/news\/wp-json\/wp\/v2\/media\/542"}],"wp:attachment":[{"href":"https:\/\/www.ilmercoledi.news\/ilmercoledi\/news\/wp-json\/wp\/v2\/media?parent=55658"}],"wp:term":[{"taxonomy":"category","embeddable":true,"href":"https:\/\/www.ilmercoledi.news\/ilmercoledi\/news\/wp-json\/wp\/v2\/categories?post=55658"},{"taxonomy":"post_tag","embeddable":true,"href":"https:\/\/www.ilmercoledi.news\/ilmercoledi\/news\/wp-json\/wp\/v2\/tags?post=55658"},{"taxonomy":"news-destination","embeddable":true,"href":"https:\/\/www.ilmercoledi.news\/ilmercoledi\/news\/wp-json\/wp\/v2\/news-destination?post=55658"},{"taxonomy":"news-source","embeddable":true,"href":"https:\/\/www.ilmercoledi.news\/ilmercoledi\/news\/wp-json\/wp\/v2\/news-source?post=55658"},{"taxonomy":"is_homepage","embeddable":true,"href":"https:\/\/www.ilmercoledi.news\/ilmercoledi\/news\/wp-json\/wp\/v2\/is_homepage?post=55658"},{"taxonomy":"ta_other","embeddable":true,"href":"https:\/\/www.ilmercoledi.news\/ilmercoledi\/news\/wp-json\/wp\/v2\/ta_other?post=55658"}],"curies":[{"name":"wp","href":"https:\/\/api.w.org\/{rel}","templated":true}]}}