{"id":55670,"date":"2023-09-13T07:51:13","date_gmt":"2023-09-13T05:51:13","guid":{"rendered":"https:\/\/euwps05.newsmemory.com\/ilmercoledi\/news\/?p=55670"},"modified":"2024-08-29T03:41:52","modified_gmt":"2023-11-03T03:41:52","slug":"nichelino-condominio-solidale-debouche-partecipa-san-matteo-con-eventi-dedicati-agli-65","status":"publish","type":"post","link":"https:\/\/www.ilmercoledi.news\/2023\/09\/13\/nichelino-condominio-solidale-debouche-partecipa-san-matteo-con-eventi-dedicati-agli-65\/","title":{"rendered":"NICHELINO &#8211; Condominio Solidale Debouch\u00e9 partecipa a San Matteo con eventi dedicati agli over 65"},"content":{"rendered":"<p>Tra gli eventi organizzati in concomitanza di San Matteo, a Nichelino, ci sono quelli promossi dal Condominio Solidale Debouch\u00e9 di via Rita Levi Montalcini dedicati agli over 65 e curati dalla coop Crescere Insieme. Luned\u00ec 18 settembre, dalle 15 alle 18, ci sar\u00e0 il laboratorio \u201cNichelino History\u201d: letture, immagini e racconti della storia di Nichelino. Marted\u00ec 19 settembre, sempre dalle 15 alle 18, appuntamento da non perdere con la gara culinaria \u201cLa torta dei miei ricordi\u201d. Mercoled\u00ec 20, ore 15-18, \u201cDancing Debouch\u00e9\u201d: ballo liscio a coppie. Gioved\u00ec 21 settembre, dalle 15.30 alle 18.30, laboratorio video ludico nonni nipoti e videogiochi per giocare tutti insieme.<\/p>\n","protected":false},"excerpt":{"rendered":"","protected":false},"author":11,"featured_media":55669,"comment_status":"open","ping_status":"closed","sticky":false,"template":"","format":"standard","meta":[],"categories":[34],"tags":[],"news-destination":[],"news-source":[],"is_homepage":[],"ta_other":[],"_links":{"self":[{"href":"https:\/\/www.ilmercoledi.news\/ilmercoledi\/news\/wp-json\/wp\/v2\/posts\/55670"}],"collection":[{"href":"https:\/\/www.ilmercoledi.news\/ilmercoledi\/news\/wp-json\/wp\/v2\/posts"}],"about":[{"href":"https:\/\/www.ilmercoledi.news\/ilmercoledi\/news\/wp-json\/wp\/v2\/types\/post"}],"author":[{"embeddable":true,"href":"https:\/\/www.ilmercoledi.news\/ilmercoledi\/news\/wp-json\/wp\/v2\/users\/11"}],"replies":[{"embeddable":true,"href":"https:\/\/www.ilmercoledi.news\/ilmercoledi\/news\/wp-json\/wp\/v2\/comments?post=55670"}],"version-history":[{"count":1,"href":"https:\/\/www.ilmercoledi.news\/ilmercoledi\/news\/wp-json\/wp\/v2\/posts\/55670\/revisions"}],"predecessor-version":[{"id":65482,"href":"https:\/\/www.ilmercoledi.news\/ilmercoledi\/news\/wp-json\/wp\/v2\/posts\/55670\/revisions\/65482"}],"wp:featuredmedia":[{"embeddable":true,"href":"https:\/\/www.ilmercoledi.news\/ilmercoledi\/news\/wp-json\/wp\/v2\/media\/55669"}],"wp:attachment":[{"href":"https:\/\/www.ilmercoledi.news\/ilmercoledi\/news\/wp-json\/wp\/v2\/media?parent=55670"}],"wp:term":[{"taxonomy":"category","embeddable":true,"href":"https:\/\/www.ilmercoledi.news\/ilmercoledi\/news\/wp-json\/wp\/v2\/categories?post=55670"},{"taxonomy":"post_tag","embeddable":true,"href":"https:\/\/www.ilmercoledi.news\/ilmercoledi\/news\/wp-json\/wp\/v2\/tags?post=55670"},{"taxonomy":"news-destination","embeddable":true,"href":"https:\/\/www.ilmercoledi.news\/ilmercoledi\/news\/wp-json\/wp\/v2\/news-destination?post=55670"},{"taxonomy":"news-source","embeddable":true,"href":"https:\/\/www.ilmercoledi.news\/ilmercoledi\/news\/wp-json\/wp\/v2\/news-source?post=55670"},{"taxonomy":"is_homepage","embeddable":true,"href":"https:\/\/www.ilmercoledi.news\/ilmercoledi\/news\/wp-json\/wp\/v2\/is_homepage?post=55670"},{"taxonomy":"ta_other","embeddable":true,"href":"https:\/\/www.ilmercoledi.news\/ilmercoledi\/news\/wp-json\/wp\/v2\/ta_other?post=55670"}],"curies":[{"name":"wp","href":"https:\/\/api.w.org\/{rel}","templated":true}]}}