{"id":55762,"date":"2023-09-18T07:42:58","date_gmt":"2023-09-18T05:42:58","guid":{"rendered":"https:\/\/euwps05.newsmemory.com\/ilmercoledi\/news\/?p=55762"},"modified":"2024-08-29T03:41:52","modified_gmt":"2023-11-03T03:41:52","slug":"moncalieri-riprendono-corsi-di-teatranza","status":"publish","type":"post","link":"https:\/\/www.ilmercoledi.news\/2023\/09\/18\/moncalieri-riprendono-corsi-di-teatranza\/","title":{"rendered":"MONCALIERI &#8211; Riprendono i corsi di Teatranza"},"content":{"rendered":"<p>Torna \u201cFare Teatro\u201d con Teatranza, a Moncalieri, da ottobre 2023 a giugno 2024. Il <strong>25 settembre a Moncalieri, appuntamento in via Palestro 9 <\/strong>alle 20.30 per gli adulti iniziale, alle 21.30 adulti intermedio e perfezionamento, si terr\u00e0 la presentazione del corso annuale e delle varie attivit\u00e0 in programma.<\/p>\n<p>Da 34 anni Teatranza\u00a0offre una scuola di\u00a0teatro\u00a0triennale, corsi di formazione teatrale per ragazzi, \u201cgiocare al\u00a0teatro\u201d per bambini, laboratori tematici, saggi ed estate ragazzi con il\u00a0teatro. I docenti della scuola sono registi e attori con esperienza professionale pluriennale nei diversi settori dello spettacolo. In collaborazione con Santibriganti Teatro.<\/p>\n<p>La \u201cScuola di\u00a0teatro\u201d ha una durata prevista di tre anni, con una lezione settimanale in partenza a ottobre. Sar\u00e0 un corso agile, dinamico, dove apprendere con leggerezza e divertimento, non disgiunti dall\u2019impegno, i basilari elementi dell\u2019arte attorale e del\u00a0fare\u00a0teatro\u00a0grazie alla presenza di competenti e motivati attorie registi. Durante i 3 anni di percorso formativo, gli allievi avranno la possibilit\u00e0 di confrontarsi con differenti tecniche e metodi interpretativi. Al termine di ogni annualit\u00e0 \u00e8 previsto un saggio spettacolo e a conclusione del percorso un diploma di frequenza.<\/p>\n<p><b>&#8220;<\/b>Il corso di formazione teatrale per ragazzi&#8221; \u00e8 un progetto di formazione che utilizza i mezzi espressivi e le tecniche teatrali in funzione di una particolare attenzione all\u2019et\u00e0 dei partecipanti. Il fascino del\u00a0Teatro\u00a0e dell\u2019arte dell\u2019attore, proposti con il giusto approccio, possono essere un tassello importante nel percorso di crescita dell\u2019adolescente. \u00c8 prevista una lezione settimanale. A conclusione dell\u2019anno un saggio spettacolo e l\u2019attestato di frequenza.<\/p>\n<p>Al corso di &#8220;formazione teatrale per bambini&#8221; si potr\u00e0 giocare a\u00a0fare\u00a0teatro\u00a0socializzando, lontani dalla competizione, e dare la possibilit\u00e0 ai giovani partecipanti di acquisire maggiore consapevolezza delle proprie capacit\u00e0 e strumenti comunicativi utili a relazionarsi con se stessi e il mondo circostante. \u00c8 prevista una lezione settimanale. A conclusione dell\u2019anno un saggio spettacolo e l\u2019attestato di frequenza.<\/p>\n<p>Tra i laboratori previsti, &#8220;Parlare e agire in pubblico&#8221; aiuter\u00e0 i partecipanti ad essere padroni della propria comunicazione verbale e non verbale, diventando pi\u00f9 sicuri di s\u00e9, dei propri gesti, azioni, parole utilizzando al meglio e in positivo l\u2019emotivit\u00e0 che ognuno di noi possiede. Sono previsti 12 incontri di due ore settimanali,\u00a0 da febbraio ad aprile 2024, insieme ad un attestato di frequenza.<\/p>\n","protected":false},"excerpt":{"rendered":"","protected":false},"author":11,"featured_media":55761,"comment_status":"open","ping_status":"closed","sticky":false,"template":"","format":"standard","meta":[],"categories":[34],"tags":[],"news-destination":[],"news-source":[],"is_homepage":[581],"ta_other":[],"_links":{"self":[{"href":"https:\/\/www.ilmercoledi.news\/ilmercoledi\/news\/wp-json\/wp\/v2\/posts\/55762"}],"collection":[{"href":"https:\/\/www.ilmercoledi.news\/ilmercoledi\/news\/wp-json\/wp\/v2\/posts"}],"about":[{"href":"https:\/\/www.ilmercoledi.news\/ilmercoledi\/news\/wp-json\/wp\/v2\/types\/post"}],"author":[{"embeddable":true,"href":"https:\/\/www.ilmercoledi.news\/ilmercoledi\/news\/wp-json\/wp\/v2\/users\/11"}],"replies":[{"embeddable":true,"href":"https:\/\/www.ilmercoledi.news\/ilmercoledi\/news\/wp-json\/wp\/v2\/comments?post=55762"}],"version-history":[{"count":1,"href":"https:\/\/www.ilmercoledi.news\/ilmercoledi\/news\/wp-json\/wp\/v2\/posts\/55762\/revisions"}],"predecessor-version":[{"id":65500,"href":"https:\/\/www.ilmercoledi.news\/ilmercoledi\/news\/wp-json\/wp\/v2\/posts\/55762\/revisions\/65500"}],"wp:featuredmedia":[{"embeddable":true,"href":"https:\/\/www.ilmercoledi.news\/ilmercoledi\/news\/wp-json\/wp\/v2\/media\/55761"}],"wp:attachment":[{"href":"https:\/\/www.ilmercoledi.news\/ilmercoledi\/news\/wp-json\/wp\/v2\/media?parent=55762"}],"wp:term":[{"taxonomy":"category","embeddable":true,"href":"https:\/\/www.ilmercoledi.news\/ilmercoledi\/news\/wp-json\/wp\/v2\/categories?post=55762"},{"taxonomy":"post_tag","embeddable":true,"href":"https:\/\/www.ilmercoledi.news\/ilmercoledi\/news\/wp-json\/wp\/v2\/tags?post=55762"},{"taxonomy":"news-destination","embeddable":true,"href":"https:\/\/www.ilmercoledi.news\/ilmercoledi\/news\/wp-json\/wp\/v2\/news-destination?post=55762"},{"taxonomy":"news-source","embeddable":true,"href":"https:\/\/www.ilmercoledi.news\/ilmercoledi\/news\/wp-json\/wp\/v2\/news-source?post=55762"},{"taxonomy":"is_homepage","embeddable":true,"href":"https:\/\/www.ilmercoledi.news\/ilmercoledi\/news\/wp-json\/wp\/v2\/is_homepage?post=55762"},{"taxonomy":"ta_other","embeddable":true,"href":"https:\/\/www.ilmercoledi.news\/ilmercoledi\/news\/wp-json\/wp\/v2\/ta_other?post=55762"}],"curies":[{"name":"wp","href":"https:\/\/api.w.org\/{rel}","templated":true}]}}