{"id":55835,"date":"2023-09-20T07:04:30","date_gmt":"2023-09-20T05:04:30","guid":{"rendered":"https:\/\/euwps06.newsmemory.com\/ilmercoledi\/news\/?p=55835"},"modified":"2024-08-29T03:41:51","modified_gmt":"2023-11-03T03:41:51","slug":"nichelino-questa-sera-ce-cristina-davena-alla-fiera-di-san-matteo","status":"publish","type":"post","link":"https:\/\/www.ilmercoledi.news\/2023\/09\/20\/nichelino-questa-sera-ce-cristina-davena-alla-fiera-di-san-matteo\/","title":{"rendered":"NICHELINO &#8211; Questa sera c&#8217;\u00e8 Cristina D&#8217;Avena alla fiera di San Matteo"},"content":{"rendered":"<p>Per la fiera di San Matteo di Nichelino, questa sera \u00e8 il momento di Cristina D&#8217;Avena. L&#8217;artista amata da grandi e piccini si esibir\u00e0 sul palo di piazza Polesani con il suo classico repertorio musicale legato ai cartoni animati. Non \u00e8 la prima volta che la cantante si esibisce in citt\u00e0. La serata sar\u00e0 preceduta dal Gran Gal\u00e0 della moda presentato da Elia Tarantino.<\/p>\n","protected":false},"excerpt":{"rendered":"","protected":false},"author":11,"featured_media":55834,"comment_status":"open","ping_status":"closed","sticky":false,"template":"","format":"standard","meta":[],"categories":[34],"tags":[],"news-destination":[],"news-source":[],"is_homepage":[],"ta_other":[],"_links":{"self":[{"href":"https:\/\/www.ilmercoledi.news\/ilmercoledi\/news\/wp-json\/wp\/v2\/posts\/55835"}],"collection":[{"href":"https:\/\/www.ilmercoledi.news\/ilmercoledi\/news\/wp-json\/wp\/v2\/posts"}],"about":[{"href":"https:\/\/www.ilmercoledi.news\/ilmercoledi\/news\/wp-json\/wp\/v2\/types\/post"}],"author":[{"embeddable":true,"href":"https:\/\/www.ilmercoledi.news\/ilmercoledi\/news\/wp-json\/wp\/v2\/users\/11"}],"replies":[{"embeddable":true,"href":"https:\/\/www.ilmercoledi.news\/ilmercoledi\/news\/wp-json\/wp\/v2\/comments?post=55835"}],"version-history":[{"count":1,"href":"https:\/\/www.ilmercoledi.news\/ilmercoledi\/news\/wp-json\/wp\/v2\/posts\/55835\/revisions"}],"predecessor-version":[{"id":65424,"href":"https:\/\/www.ilmercoledi.news\/ilmercoledi\/news\/wp-json\/wp\/v2\/posts\/55835\/revisions\/65424"}],"wp:featuredmedia":[{"embeddable":true,"href":"https:\/\/www.ilmercoledi.news\/ilmercoledi\/news\/wp-json\/wp\/v2\/media\/55834"}],"wp:attachment":[{"href":"https:\/\/www.ilmercoledi.news\/ilmercoledi\/news\/wp-json\/wp\/v2\/media?parent=55835"}],"wp:term":[{"taxonomy":"category","embeddable":true,"href":"https:\/\/www.ilmercoledi.news\/ilmercoledi\/news\/wp-json\/wp\/v2\/categories?post=55835"},{"taxonomy":"post_tag","embeddable":true,"href":"https:\/\/www.ilmercoledi.news\/ilmercoledi\/news\/wp-json\/wp\/v2\/tags?post=55835"},{"taxonomy":"news-destination","embeddable":true,"href":"https:\/\/www.ilmercoledi.news\/ilmercoledi\/news\/wp-json\/wp\/v2\/news-destination?post=55835"},{"taxonomy":"news-source","embeddable":true,"href":"https:\/\/www.ilmercoledi.news\/ilmercoledi\/news\/wp-json\/wp\/v2\/news-source?post=55835"},{"taxonomy":"is_homepage","embeddable":true,"href":"https:\/\/www.ilmercoledi.news\/ilmercoledi\/news\/wp-json\/wp\/v2\/is_homepage?post=55835"},{"taxonomy":"ta_other","embeddable":true,"href":"https:\/\/www.ilmercoledi.news\/ilmercoledi\/news\/wp-json\/wp\/v2\/ta_other?post=55835"}],"curies":[{"name":"wp","href":"https:\/\/api.w.org\/{rel}","templated":true}]}}