{"id":56003,"date":"2023-09-28T07:41:30","date_gmt":"2023-09-28T05:41:30","guid":{"rendered":"https:\/\/euwps05.newsmemory.com\/ilmercoledi\/news\/?p=56003"},"modified":"2024-08-29T03:41:49","modified_gmt":"2023-11-03T03:41:49","slug":"santena-anche-il-cimitero-di-santena-razziato-di-vasi-di-rame-370-portafiori-rubati","status":"publish","type":"post","link":"https:\/\/www.ilmercoledi.news\/2023\/09\/28\/santena-anche-il-cimitero-di-santena-razziato-di-vasi-di-rame-370-portafiori-rubati\/","title":{"rendered":"SANTENA &#8211; Anche il cimitero di Santena razziato di vasi di rame: 370 portafiori rubati"},"content":{"rendered":"<p>L\u2019emergenza dei furti per oro rosso \u00e8 arrivata anche a Santena. Nella notte tra il 25 e il 26 settembre 2023 oltre 370 vasi di rame sono stati trafugati dal cimitero di Santena. Ignoti hanno scardinato i lucchetti del cancello e fatto razzia del metallo lasciando un tappeto di fiori a terra accanto alle lapidi.<\/p>\n<p>Il Sindaco di Santena,\u00a0Roberto Ghio, ha appreso con grande costernazione la notizia del vile furto che ha colpito il cimitero comunale, lasciando la comunit\u00e0 in uno stato di sgomento e rabbia.<\/p>\n<p>&nbsp;<\/p>\n<p>\u00ab\u00c8 con profonda tristezza e sdegno che apprendo di questo atto criminale che ha colpito il nostro cimitero. Il cimitero \u00e8 un luogo sacro dove le famiglie vengono a commemorare i loro cari defunti, e questo furto \u00e8 un oltraggio alla memoria dei nostri cari\u00bb\u00a0ha dichiarato il Sindaco.<\/p>\n<p>&nbsp;<\/p>\n<p>Le forze dell&#8217;ordine locali sono gi\u00e0 al lavoro per identificare i responsabili e assicurarli alla giustizia. Il Sindaco ha assicurato alla comunit\u00e0 che saranno fatti tutti gli sforzi necessari per ripristinare la dignit\u00e0 del cimitero e per garantire che tali atti non si ripetano.<\/p>\n<p>&nbsp;<\/p>\n<p>\u00abInvito tutti a collaborare con le autorit\u00e0, fornendo qualsiasi informazione utile che possa aiutare nell&#8217;indagine\u00bb ha aggiunto il Sindaco.<\/p>\n<p>&nbsp;<\/p>\n<p>Il Sindaco ha concluso il suo intervento ribadendo l&#8217;impegno del Comune di Santena a preservare la sicurezza e la sacralit\u00e0 dei luoghi di sepoltura e a garantire che chiunque commetta atti di vandalismo o furto nei confronti della comunit\u00e0 sia perseguito con la massima determinazione. L\u2019Amministrazione ha inoltre gi\u00e0 previsto l\u2019acquisto e il ripristino nel pi\u00f9 breve tempo possibile di tutti i vasi trafugati.<\/p>\n<p>&nbsp;<\/p>\n<p>\u00abSono diversi gli episodi di furti di rame per fonderlo e rivenderlo, che si stanno verificando in diversi comuni del nostro territorio\u00a0&#8211; continua Ghio &#8211;\u00a0ma arrivare addirittura a derubare in un luogo in cui rendere omaggio ai propri cari \u00e8 per\u00f2 un atto spregevole, oltre che illegale\u00bb.<\/p>\n","protected":false},"excerpt":{"rendered":"","protected":false},"author":11,"featured_media":56002,"comment_status":"open","ping_status":"closed","sticky":false,"template":"","format":"standard","meta":[],"categories":[34],"tags":[],"news-destination":[],"news-source":[],"is_homepage":[581],"ta_other":[],"_links":{"self":[{"href":"https:\/\/www.ilmercoledi.news\/ilmercoledi\/news\/wp-json\/wp\/v2\/posts\/56003"}],"collection":[{"href":"https:\/\/www.ilmercoledi.news\/ilmercoledi\/news\/wp-json\/wp\/v2\/posts"}],"about":[{"href":"https:\/\/www.ilmercoledi.news\/ilmercoledi\/news\/wp-json\/wp\/v2\/types\/post"}],"author":[{"embeddable":true,"href":"https:\/\/www.ilmercoledi.news\/ilmercoledi\/news\/wp-json\/wp\/v2\/users\/11"}],"replies":[{"embeddable":true,"href":"https:\/\/www.ilmercoledi.news\/ilmercoledi\/news\/wp-json\/wp\/v2\/comments?post=56003"}],"version-history":[{"count":1,"href":"https:\/\/www.ilmercoledi.news\/ilmercoledi\/news\/wp-json\/wp\/v2\/posts\/56003\/revisions"}],"predecessor-version":[{"id":65353,"href":"https:\/\/www.ilmercoledi.news\/ilmercoledi\/news\/wp-json\/wp\/v2\/posts\/56003\/revisions\/65353"}],"wp:featuredmedia":[{"embeddable":true,"href":"https:\/\/www.ilmercoledi.news\/ilmercoledi\/news\/wp-json\/wp\/v2\/media\/56002"}],"wp:attachment":[{"href":"https:\/\/www.ilmercoledi.news\/ilmercoledi\/news\/wp-json\/wp\/v2\/media?parent=56003"}],"wp:term":[{"taxonomy":"category","embeddable":true,"href":"https:\/\/www.ilmercoledi.news\/ilmercoledi\/news\/wp-json\/wp\/v2\/categories?post=56003"},{"taxonomy":"post_tag","embeddable":true,"href":"https:\/\/www.ilmercoledi.news\/ilmercoledi\/news\/wp-json\/wp\/v2\/tags?post=56003"},{"taxonomy":"news-destination","embeddable":true,"href":"https:\/\/www.ilmercoledi.news\/ilmercoledi\/news\/wp-json\/wp\/v2\/news-destination?post=56003"},{"taxonomy":"news-source","embeddable":true,"href":"https:\/\/www.ilmercoledi.news\/ilmercoledi\/news\/wp-json\/wp\/v2\/news-source?post=56003"},{"taxonomy":"is_homepage","embeddable":true,"href":"https:\/\/www.ilmercoledi.news\/ilmercoledi\/news\/wp-json\/wp\/v2\/is_homepage?post=56003"},{"taxonomy":"ta_other","embeddable":true,"href":"https:\/\/www.ilmercoledi.news\/ilmercoledi\/news\/wp-json\/wp\/v2\/ta_other?post=56003"}],"curies":[{"name":"wp","href":"https:\/\/api.w.org\/{rel}","templated":true}]}}