{"id":56017,"date":"2023-09-28T18:52:27","date_gmt":"2023-09-28T16:52:27","guid":{"rendered":"https:\/\/euwps05.newsmemory.com\/ilmercoledi\/news\/?p=56017"},"modified":"2024-08-29T03:41:49","modified_gmt":"2023-11-03T03:41:49","slug":"tre-giorni-stelle-e-strisce-con-l8-country-festival-promosso-dal-renegade-saloon","status":"publish","type":"post","link":"https:\/\/www.ilmercoledi.news\/2023\/09\/28\/tre-giorni-stelle-e-strisce-con-l8-country-festival-promosso-dal-renegade-saloon\/","title":{"rendered":"Tre giorni a stelle e strisce con l&#8217;8\u00b0 Country Festival promosso dal The Renegade Saloon"},"content":{"rendered":"<p>Ci siamo. Da venerd\u00ec a domenica Borgata Tetti Sapini di frazione La Rotta di Moncalieri diventer\u00e0 una ci\u00adt\u00adtadina di una contea texana.<\/p>\n<p>A renderlo possibile l\u2019ottava edizione del Country Festival promosso dal The Renegade Saloon, celeberrimo locale di via Tetti Sapini 7 dove la popolare musica a stelle e strisce \u00e8 di casa ormai da quasi vent&#8217;anni (il prossimo anno la festa per il quarto lustro).<\/p>\n<p>Anche in questa occasione come nelle precedenti si \u00e8 badato ad offrire ai partecipanti la pi\u00f9 ampia scelta delle attivit\u00e0 da fare. E quindi non solo musica e danza &#8211; pure questa con ogni possibile variante dalla West Coast, alla pi\u00f9 europea catalana al two step &#8211; ma anche un bel mercatino dedicato, dove trovare dai cappelli agli stivali, dai jeans alle giacche fino ai monili pi\u00f9 caratteristici. Da non dimenticare poi i punti ristoro oltre alla rinomata cucina del pub.<\/p>\n<p>Come da prassi ingresso gratuito ovunque tranne che per chi vorr\u00e0 cimentarsi nel ballo. Ed allora ecco pronto un abbonamento a 35 euro per tutta la durata della manifestazione (venerd\u00ec sera, sabato e domenica tutto il giorno). Per chi preferisse solo sabato e domenica 30 euro, mentre per il venerd\u00ec sera ed il sabato il prezzo sar\u00e0 di 25 euro. Per la singola giornata 15 euro per il venerd\u00ec sera, 20 per il sabato o la domenica.<\/p>\n<p>Detto ci\u00f2 il parterre dei dj presenti \u00e8 di assoluto valore. A partire da coloro che abitualmente animano le serate al Renegade &#8211; in rigoroso ordine alfabetico per non far torti: Andy e Guy, Max Castellani e Max Maimone, Silvano Ferrero, Teo Lattanzio, Fiore Molino, Ricky Pi\u00adras, Stewe -; per proseguire con gli attesi Ema, Flavio, Isa, Steve e Jonathan.<\/p>\n<p>E non da meno la lista dei coreografi, partendo dal pi\u00f9 atteso, il famoso Rob Fow\u00adler, presente ai workshop di tutti e tre i giorni. Con lui ci saranno poi Daniela Bar Tos, Neus Lloveras Arranz, Silvia Denise Staiti, Vanesa Barambio, Anna Taroni, Federica Dall\u2019Aglio, Laura Jones, Virginie Barjaud, Pol Ryan, David Villellas, Manu Santos e Leo Reignier, Fabian Muller, Montse Moscardo, Johnny Rossato, Pol Perry, Algaly Fofana, Edu Rold\u00f2s e i The Dreamers.<\/p>\n<p>Insomma una vera e propria tre giorni country a tutto tondo a cui appassionati e non non possono mancare.<\/p>\n<p>Per ulteriori informazioni pagina facebook \u00ab8th The Renegade Country Festival 2023\u00bb.<\/p>\n","protected":false},"excerpt":{"rendered":"","protected":false},"author":9,"featured_media":56016,"comment_status":"open","ping_status":"closed","sticky":false,"template":"","format":"standard","meta":[],"categories":[395,34,9],"tags":[],"news-destination":[],"news-source":[],"is_homepage":[581],"ta_other":[],"_links":{"self":[{"href":"https:\/\/www.ilmercoledi.news\/ilmercoledi\/news\/wp-json\/wp\/v2\/posts\/56017"}],"collection":[{"href":"https:\/\/www.ilmercoledi.news\/ilmercoledi\/news\/wp-json\/wp\/v2\/posts"}],"about":[{"href":"https:\/\/www.ilmercoledi.news\/ilmercoledi\/news\/wp-json\/wp\/v2\/types\/post"}],"author":[{"embeddable":true,"href":"https:\/\/www.ilmercoledi.news\/ilmercoledi\/news\/wp-json\/wp\/v2\/users\/9"}],"replies":[{"embeddable":true,"href":"https:\/\/www.ilmercoledi.news\/ilmercoledi\/news\/wp-json\/wp\/v2\/comments?post=56017"}],"version-history":[{"count":1,"href":"https:\/\/www.ilmercoledi.news\/ilmercoledi\/news\/wp-json\/wp\/v2\/posts\/56017\/revisions"}],"predecessor-version":[{"id":56157,"href":"https:\/\/www.ilmercoledi.news\/ilmercoledi\/news\/wp-json\/wp\/v2\/posts\/56017\/revisions\/56157"}],"wp:featuredmedia":[{"embeddable":true,"href":"https:\/\/www.ilmercoledi.news\/ilmercoledi\/news\/wp-json\/wp\/v2\/media\/56016"}],"wp:attachment":[{"href":"https:\/\/www.ilmercoledi.news\/ilmercoledi\/news\/wp-json\/wp\/v2\/media?parent=56017"}],"wp:term":[{"taxonomy":"category","embeddable":true,"href":"https:\/\/www.ilmercoledi.news\/ilmercoledi\/news\/wp-json\/wp\/v2\/categories?post=56017"},{"taxonomy":"post_tag","embeddable":true,"href":"https:\/\/www.ilmercoledi.news\/ilmercoledi\/news\/wp-json\/wp\/v2\/tags?post=56017"},{"taxonomy":"news-destination","embeddable":true,"href":"https:\/\/www.ilmercoledi.news\/ilmercoledi\/news\/wp-json\/wp\/v2\/news-destination?post=56017"},{"taxonomy":"news-source","embeddable":true,"href":"https:\/\/www.ilmercoledi.news\/ilmercoledi\/news\/wp-json\/wp\/v2\/news-source?post=56017"},{"taxonomy":"is_homepage","embeddable":true,"href":"https:\/\/www.ilmercoledi.news\/ilmercoledi\/news\/wp-json\/wp\/v2\/is_homepage?post=56017"},{"taxonomy":"ta_other","embeddable":true,"href":"https:\/\/www.ilmercoledi.news\/ilmercoledi\/news\/wp-json\/wp\/v2\/ta_other?post=56017"}],"curies":[{"name":"wp","href":"https:\/\/api.w.org\/{rel}","templated":true}]}}