{"id":56375,"date":"2023-10-16T12:52:39","date_gmt":"2023-10-16T10:52:39","guid":{"rendered":"https:\/\/euwps05.newsmemory.com\/ilmercoledi\/news\/?p=56375"},"modified":"2024-08-29T03:41:43","modified_gmt":"2023-11-03T03:41:43","slug":"cambiano-il-28-ottobre-la-festa-del-baratto","status":"publish","type":"post","link":"https:\/\/www.ilmercoledi.news\/2023\/10\/16\/cambiano-il-28-ottobre-la-festa-del-baratto\/","title":{"rendered":"CAMBIANO &#8211; Il 28 ottobre la festa del baratto"},"content":{"rendered":"<p>Sabato 28 ottobre 2023 a Cambiano in Piazza Giacomo Grosso ci sar\u00e0 <strong>la Festa del Baratto<\/strong>, nella sua 1\u00b0 edizione. L\u2019iniziativa si pone come obiettivo quello di promuovere lo scambio, il riutilizzo e il riciclo di oggetti di consumo ad uso quotidiano, non aventi valore storico o artistico, diffondendo una cultura del recupero evitando lo spreco di risorse in un\u2019ottica di economia ecosostenibile e di solidariet\u00e0 sociale, nonch\u00e9 al fine di favorire le occasioni di socialit\u00e0.<\/p>\n<p>I privati cittadini possono partecipare mediante richiesta di una porzione di spazio pubblico di dimensioni mq. 9 (mt. 3 x 3) per l\u2019esposizione degli oggetti che desiderano scambiare o barattare con gli altri partecipanti all\u2019evento.<\/p>\n<p>I cittadini interessati all\u2019allestimento di uno spazio espositivo devono manifestare il proprio interesse compilando e inviando il modulo di adesione e l\u2019autocertificazione \u2013\u00a0documenti disponibili nella sezione allegati del presente avviso \u2013\u00a0al seguente indirizzo e-mail:\u00a0<i>comunicazione@comune.cambiano.to.it<\/i><\/p>\n","protected":false},"excerpt":{"rendered":"","protected":false},"author":11,"featured_media":39647,"comment_status":"open","ping_status":"closed","sticky":false,"template":"","format":"standard","meta":[],"categories":[34],"tags":[],"news-destination":[],"news-source":[],"is_homepage":[581],"ta_other":[],"_links":{"self":[{"href":"https:\/\/www.ilmercoledi.news\/ilmercoledi\/news\/wp-json\/wp\/v2\/posts\/56375"}],"collection":[{"href":"https:\/\/www.ilmercoledi.news\/ilmercoledi\/news\/wp-json\/wp\/v2\/posts"}],"about":[{"href":"https:\/\/www.ilmercoledi.news\/ilmercoledi\/news\/wp-json\/wp\/v2\/types\/post"}],"author":[{"embeddable":true,"href":"https:\/\/www.ilmercoledi.news\/ilmercoledi\/news\/wp-json\/wp\/v2\/users\/11"}],"replies":[{"embeddable":true,"href":"https:\/\/www.ilmercoledi.news\/ilmercoledi\/news\/wp-json\/wp\/v2\/comments?post=56375"}],"version-history":[{"count":1,"href":"https:\/\/www.ilmercoledi.news\/ilmercoledi\/news\/wp-json\/wp\/v2\/posts\/56375\/revisions"}],"predecessor-version":[{"id":56376,"href":"https:\/\/www.ilmercoledi.news\/ilmercoledi\/news\/wp-json\/wp\/v2\/posts\/56375\/revisions\/56376"}],"wp:featuredmedia":[{"embeddable":true,"href":"https:\/\/www.ilmercoledi.news\/ilmercoledi\/news\/wp-json\/wp\/v2\/media\/39647"}],"wp:attachment":[{"href":"https:\/\/www.ilmercoledi.news\/ilmercoledi\/news\/wp-json\/wp\/v2\/media?parent=56375"}],"wp:term":[{"taxonomy":"category","embeddable":true,"href":"https:\/\/www.ilmercoledi.news\/ilmercoledi\/news\/wp-json\/wp\/v2\/categories?post=56375"},{"taxonomy":"post_tag","embeddable":true,"href":"https:\/\/www.ilmercoledi.news\/ilmercoledi\/news\/wp-json\/wp\/v2\/tags?post=56375"},{"taxonomy":"news-destination","embeddable":true,"href":"https:\/\/www.ilmercoledi.news\/ilmercoledi\/news\/wp-json\/wp\/v2\/news-destination?post=56375"},{"taxonomy":"news-source","embeddable":true,"href":"https:\/\/www.ilmercoledi.news\/ilmercoledi\/news\/wp-json\/wp\/v2\/news-source?post=56375"},{"taxonomy":"is_homepage","embeddable":true,"href":"https:\/\/www.ilmercoledi.news\/ilmercoledi\/news\/wp-json\/wp\/v2\/is_homepage?post=56375"},{"taxonomy":"ta_other","embeddable":true,"href":"https:\/\/www.ilmercoledi.news\/ilmercoledi\/news\/wp-json\/wp\/v2\/ta_other?post=56375"}],"curies":[{"name":"wp","href":"https:\/\/api.w.org\/{rel}","templated":true}]}}