{"id":56530,"date":"2023-10-23T07:25:42","date_gmt":"2023-10-23T05:25:42","guid":{"rendered":"https:\/\/euwps05.newsmemory.com\/ilmercoledi\/news\/?p=56530"},"modified":"2024-08-29T03:41:42","modified_gmt":"2023-11-03T03:41:42","slug":"carmagnola-attivita-di-cooperazione-con-il-comune-di-ronkh","status":"publish","type":"post","link":"https:\/\/www.ilmercoledi.news\/2023\/10\/23\/carmagnola-attivita-di-cooperazione-con-il-comune-di-ronkh\/","title":{"rendered":"CARMAGNOLA &#8211; Attivit\u00e0 di cooperazione con il Comune di Ronkh"},"content":{"rendered":"<p>Oggi alle ore 10:30 presso la Sala Consiliare del Comune di Carmagnola, \u00e8 in programma la presentazione pubblica delle attivit\u00e0 di cooperazione tra il Comune piemontese e il Comune senegalese di Ronkh nell\u2019ambito del progetto \u201cReti al Lavoro\u201d e di altri progetti che legano le due Amministrazioni e i rispettivi territori da circa 6 anni. L\u2019incontro \u00e8 ad ingresso libero sino ad esaurimento dei posti disponibili.<\/p>\n<p>&nbsp;<\/p>\n<p>Il Partenariato Territoriale tra Carmagnola e Ronkh \u00e8 stato avviato nel 2017 grazie al sostegno fornito dalla Regione Piemonte nell\u2019ambito del &#8220;Bando Piemonte &amp; Africa sub-sahariana\u201d, finanziamento che ha consentito di avviare una collaborazione tra i due comuni, al fine di creare un allevamento ittico finalizzato al miglioramento dell\u2019approvvigionamento alimentare della popolazione.<\/p>\n<p>Realizzato in collaborazione dell\u2019ENGIM di Torino, partner del Comune di Carmagnola per questo e per tutti i seguenti progetti di cooperazione internazionale, il progetto prevedeva anche la realizzazione di laboratori di educazione alla cittadinanza globale a Carmagnola, realizzati presso la sezione agraria dell\u2019Istituto Baldessano-Roccati, e visita a Ronkh da parte di una delegazione del Comune di Carmagnola.<\/p>\n<p>Il Partenariato \u00e8 stato rifinanziato nell\u2019ambito dello stesso bando anche nell\u2019anno 2018, consentendo lo sviluppo dell\u2019allevamento e la visita di una delegazione del comune di Ronkh nel comune di Carmagnola.<\/p>\n<p>&nbsp;<\/p>\n<p>Nel 2019, con un nuovo sostegno della Regione Piemonte, \u00e8 stato avviato un significativo progetto di sviluppo agricolo con la realizzazione di orti all&#8217;interno del Distretto di Ronkh, iniziativa mirata a diversificare l&#8217;alimentazione locale con un&#8217;enfasi particolare sulla partecipazione delle donne.<\/p>\n<p>&nbsp;<\/p>\n<p>Nel 2020, a causa dell&#8217;irrompere della pandemia da Covid-19, il progetto \u00e8 stato prorogato poich\u00e9 le restrizioni legate alla situazione sanitaria hanno impedito la realizzazione delle missioni di monitoraggio inizialmente programmate.<\/p>\n<p>&nbsp;<\/p>\n<p>Nel 2021 \u00e8 stata avviata la progettazione con la Regione Piemonte nell\u2019ambito del progetto del Ministero degli Affari Esteri \u2013 Agenzia Italiana Cooperazione allo Sviluppo denominato \u201cReti al lavoro \u2013 Percorsi in Comune per giovani e donne in Senegal\u201d.<\/p>\n<p>Il progetto, che si estende su un periodo di 3 anni e si presenta come una complessa iniziativa a supporto di imprese gestite da giovani e donne, sta attualmente transitando nella fase intermedia del suo sviluppo. Dopo un&#8217;approfondita fase di studio condotta in Senegal in collaborazione con l&#8217;Universit\u00e0 di Torino, adesso \u00e8 il momento in cui i delegati senegalesi sono ospiti nella citt\u00e0 di Torino per partecipare a un corso di formazione presso il BIT (Bureau International du Travail). Successivamente, essi si recheranno a Carmagnola, dove saranno accolti nei giorni di luned\u00ec 23 e marted\u00ec 24 ottobre.<\/p>\n<p>In queste giornate i sindaci e i funzionari del Senegal visiteranno varie eccellenze piemontesi tra le quali, a Carmagnola, il Centro Competenze, lo stabilimento di Pasta Berruto, l\u2019azienda agricola ColtivaThor, il caseificio Chicco Luca, Assocanapa e Ecomuseo della Cultura della Lavorazione della Canapa.<\/p>\n","protected":false},"excerpt":{"rendered":"","protected":false},"author":11,"featured_media":56529,"comment_status":"open","ping_status":"closed","sticky":false,"template":"","format":"standard","meta":[],"categories":[34],"tags":[],"news-destination":[],"news-source":[],"is_homepage":[581],"ta_other":[],"_links":{"self":[{"href":"https:\/\/www.ilmercoledi.news\/ilmercoledi\/news\/wp-json\/wp\/v2\/posts\/56530"}],"collection":[{"href":"https:\/\/www.ilmercoledi.news\/ilmercoledi\/news\/wp-json\/wp\/v2\/posts"}],"about":[{"href":"https:\/\/www.ilmercoledi.news\/ilmercoledi\/news\/wp-json\/wp\/v2\/types\/post"}],"author":[{"embeddable":true,"href":"https:\/\/www.ilmercoledi.news\/ilmercoledi\/news\/wp-json\/wp\/v2\/users\/11"}],"replies":[{"embeddable":true,"href":"https:\/\/www.ilmercoledi.news\/ilmercoledi\/news\/wp-json\/wp\/v2\/comments?post=56530"}],"version-history":[{"count":1,"href":"https:\/\/www.ilmercoledi.news\/ilmercoledi\/news\/wp-json\/wp\/v2\/posts\/56530\/revisions"}],"predecessor-version":[{"id":65271,"href":"https:\/\/www.ilmercoledi.news\/ilmercoledi\/news\/wp-json\/wp\/v2\/posts\/56530\/revisions\/65271"}],"wp:featuredmedia":[{"embeddable":true,"href":"https:\/\/www.ilmercoledi.news\/ilmercoledi\/news\/wp-json\/wp\/v2\/media\/56529"}],"wp:attachment":[{"href":"https:\/\/www.ilmercoledi.news\/ilmercoledi\/news\/wp-json\/wp\/v2\/media?parent=56530"}],"wp:term":[{"taxonomy":"category","embeddable":true,"href":"https:\/\/www.ilmercoledi.news\/ilmercoledi\/news\/wp-json\/wp\/v2\/categories?post=56530"},{"taxonomy":"post_tag","embeddable":true,"href":"https:\/\/www.ilmercoledi.news\/ilmercoledi\/news\/wp-json\/wp\/v2\/tags?post=56530"},{"taxonomy":"news-destination","embeddable":true,"href":"https:\/\/www.ilmercoledi.news\/ilmercoledi\/news\/wp-json\/wp\/v2\/news-destination?post=56530"},{"taxonomy":"news-source","embeddable":true,"href":"https:\/\/www.ilmercoledi.news\/ilmercoledi\/news\/wp-json\/wp\/v2\/news-source?post=56530"},{"taxonomy":"is_homepage","embeddable":true,"href":"https:\/\/www.ilmercoledi.news\/ilmercoledi\/news\/wp-json\/wp\/v2\/is_homepage?post=56530"},{"taxonomy":"ta_other","embeddable":true,"href":"https:\/\/www.ilmercoledi.news\/ilmercoledi\/news\/wp-json\/wp\/v2\/ta_other?post=56530"}],"curies":[{"name":"wp","href":"https:\/\/api.w.org\/{rel}","templated":true}]}}