{"id":56635,"date":"2023-10-30T06:57:58","date_gmt":"2023-10-30T05:57:58","guid":{"rendered":"https:\/\/euwps05.newsmemory.com\/ilmercoledi\/news\/?p=56635"},"modified":"2024-08-29T03:41:37","modified_gmt":"2023-11-03T03:41:37","slug":"moncalieri-si-parte-con-il-viaggio-della-memoria-via-alle-iscrizioni","status":"publish","type":"post","link":"https:\/\/www.ilmercoledi.news\/2023\/10\/30\/moncalieri-si-parte-con-il-viaggio-della-memoria-via-alle-iscrizioni\/","title":{"rendered":"MONCALIERI &#8211; Si parte con il viaggio della Memoria: via alle iscrizioni"},"content":{"rendered":"<p>Molto pi\u00f9 di un semplice viaggio. Il viaggio della memoria di Moncalieri \u00e8 in partenza. A partire da luned\u00ec 30 novembre, si aprono le iscrizioni per \u201cPromemoria_Auschwitz\u201d: l\u2019iniziativa frutto della collaborazione tra la Citt\u00e0 di Moncalieri e l\u2019Associazione Deina Torino che quest\u2019anno porter\u00e0 55 giovani moncalieresi nei luoghi della memoria della Shoah. Quest\u2019anno il viaggio si terr\u00e0 dal 9 al 14 febbraio 2024 ma, prima della partenza, sono previsti cinque incontri per preparare i partecipanti alla visita di luoghi importanti come Birkenau e Auschwitz e approfondire meglio alcune tematiche storiche. \u201cCome amministratori, ci sentiamo spesso domandare se, dopo molti anni, valga ancora la pena accompagnare i giovani nei luoghi della memoria\u201d afferma l\u2019Assessore alle Politiche per i Giovani Davide Guida. \u201cConflitti e atti d\u2019intolleranza e discriminazione continuano ad occupare le prime pagine dei giornali. Mostrare ai giovani dove ha portato la strada dell\u2019odio e dell\u2019intolleranza in passato, ci aiuta a immaginare il futuro e costruire una comunit\u00e0 pi\u00f9 inclusiva e rispettosa dei diritti di tutti.\u201d Per iscriversi o per ottenere maggiori informazioni \u00e8 possibile visitare la sezione dedicata del sito www.moncalierigiovane.it o contattare gli uffici di Moncalieri Giovane. Le iscrizioni sono aperte ai giovani moncalieresi in et\u00e0 compresa tra i 18 e i 25 anni. Il termine ultimo per iscriversi \u00e8 marted\u00ec 9 novembre. Il progetto \u00e8 insignito del patrocinio del Senato della Repubblica e della Camera dei Deputati ed \u00e8 vincitore del Premio Spinelli 2019 conferito dalla Commissione europea per il suo alto valore formativo.<\/p>\n","protected":false},"excerpt":{"rendered":"","protected":false},"author":11,"featured_media":11607,"comment_status":"open","ping_status":"closed","sticky":false,"template":"","format":"standard","meta":[],"categories":[34],"tags":[],"news-destination":[],"news-source":[],"is_homepage":[581],"ta_other":[],"_links":{"self":[{"href":"https:\/\/www.ilmercoledi.news\/ilmercoledi\/news\/wp-json\/wp\/v2\/posts\/56635"}],"collection":[{"href":"https:\/\/www.ilmercoledi.news\/ilmercoledi\/news\/wp-json\/wp\/v2\/posts"}],"about":[{"href":"https:\/\/www.ilmercoledi.news\/ilmercoledi\/news\/wp-json\/wp\/v2\/types\/post"}],"author":[{"embeddable":true,"href":"https:\/\/www.ilmercoledi.news\/ilmercoledi\/news\/wp-json\/wp\/v2\/users\/11"}],"replies":[{"embeddable":true,"href":"https:\/\/www.ilmercoledi.news\/ilmercoledi\/news\/wp-json\/wp\/v2\/comments?post=56635"}],"version-history":[{"count":1,"href":"https:\/\/www.ilmercoledi.news\/ilmercoledi\/news\/wp-json\/wp\/v2\/posts\/56635\/revisions"}],"predecessor-version":[{"id":65211,"href":"https:\/\/www.ilmercoledi.news\/ilmercoledi\/news\/wp-json\/wp\/v2\/posts\/56635\/revisions\/65211"}],"wp:featuredmedia":[{"embeddable":true,"href":"https:\/\/www.ilmercoledi.news\/ilmercoledi\/news\/wp-json\/wp\/v2\/media\/11607"}],"wp:attachment":[{"href":"https:\/\/www.ilmercoledi.news\/ilmercoledi\/news\/wp-json\/wp\/v2\/media?parent=56635"}],"wp:term":[{"taxonomy":"category","embeddable":true,"href":"https:\/\/www.ilmercoledi.news\/ilmercoledi\/news\/wp-json\/wp\/v2\/categories?post=56635"},{"taxonomy":"post_tag","embeddable":true,"href":"https:\/\/www.ilmercoledi.news\/ilmercoledi\/news\/wp-json\/wp\/v2\/tags?post=56635"},{"taxonomy":"news-destination","embeddable":true,"href":"https:\/\/www.ilmercoledi.news\/ilmercoledi\/news\/wp-json\/wp\/v2\/news-destination?post=56635"},{"taxonomy":"news-source","embeddable":true,"href":"https:\/\/www.ilmercoledi.news\/ilmercoledi\/news\/wp-json\/wp\/v2\/news-source?post=56635"},{"taxonomy":"is_homepage","embeddable":true,"href":"https:\/\/www.ilmercoledi.news\/ilmercoledi\/news\/wp-json\/wp\/v2\/is_homepage?post=56635"},{"taxonomy":"ta_other","embeddable":true,"href":"https:\/\/www.ilmercoledi.news\/ilmercoledi\/news\/wp-json\/wp\/v2\/ta_other?post=56635"}],"curies":[{"name":"wp","href":"https:\/\/api.w.org\/{rel}","templated":true}]}}