{"id":56968,"date":"2023-11-14T14:56:51","date_gmt":"2023-11-14T13:56:51","guid":{"rendered":"https:\/\/euwps05.newsmemory.com\/ilmercoledi\/news\/?p=56968"},"modified":"2024-08-29T03:41:35","modified_gmt":"2023-11-03T03:41:35","slug":"nichelino-le-iniziative-per-la-giornata-contro-le-violenze-sulle-donne","status":"publish","type":"post","link":"https:\/\/www.ilmercoledi.news\/2023\/11\/14\/nichelino-le-iniziative-per-la-giornata-contro-le-violenze-sulle-donne\/","title":{"rendered":"NICHELINO &#8211; Le iniziative per la giornata contro le violenze sulle donne"},"content":{"rendered":"<p>Anche quest\u2019anno la Citt\u00e0 di Nichelino intende porre l\u2019attenzione sulla\u00a0Giornata internazionale per l\u2019eliminazione della violenza contro le donne\u00a0con un programma ricco di iniziative:<\/p>\n<p>venerd\u00ec 17 novembre Palazzo Comunale \u2013 Sala Mattei \u2013 Piazza Di Vittorio, 1ore 17,30\u00a0\u201cIl pianeta stravagante\u201d\u00a0\u2013 Percorso di formazione per insegnanti e genitori: Come si distinguono i Terrestri maschi e le Terrestri femmine? La risposta \u00e8 meno semplice di quel che si potrebbe pensare! Un libro ideale per insegnanti e genitori da leggere insieme ai bambini e alle bambine con pi\u00f9 di 3 annia cura di Centri Antiviolenza E.M.M.A. onlus<\/p>\n<p>sabato 18 novembre Partenza e Ritrovo c\/o Akuadro Sport ssd \u2013 Via XXV Aprile 154ore 14,00\u00a0Le Donne di Nichelino in Marcia Contro la ViolenzaEsibizione di ginnastica di benvenuto. Camminata attraverso il Parco del Boschetto.Arrivo ore16,00 al Ranch delle donne (via Mascagni 86)\u00a0Rappresentazione teatrale a cura de \u201cI Calzini spaiati\u201d.\u00a0\u00a0Durante l\u2019evento esibizioni musicali, letture, rappresentazioni artistiche e momenti di riflessione \u2013 A cura delle Associazioni Acto Piemonte e Akuadro Sport<\/p>\n<p>sabato 18 novembre Piazza Arbarello \u2013 Torino (ritrovo ore 15,30)ore 16,00\u00a0Trans March\u00a0in memoria delle vittime di transfobia. Adesione e partecipazione della Citt\u00e0 di Nichelino<\/p>\n<p>gioved\u00ec 23 novembre Salone Croce Rossa \u2013 Via N. Sauro, 13ore 21,00 Incontro con Anarkikka\u00a0\u201cSanta ma, Donna\u201d\u00a0\u2013 autrice, attivista femminista, illustratrice, vignettista, esperta di comunicazione. Da tempo ha intrapreso un percorso di denuncia sociale<\/p>\n<p>venerd\u00ec 24 novembre presso le panchine rosse della citt\u00e0ore 9,15\u00a0\u201cDiamo voce alle panchine rosse\u201d .\u00a0Panchine rosse animate dalle associazioni e dalle scuole cittadine con distribuzione di materiale informativoore 10,15 Piazza Di Vittorio\u00a0\u201cNichelino contro la violenza di genere\u201d.\u00a0Mobilitazione aperta a tutta la cittadinanza.In collaborazione con il Collettivo NichelinoRedBench. Interventi e attivit\u00e0 sul tema della violenza di genere<\/p>\n<p>venerd\u00ec 24 novembre Palazzo Comunale \u2013 Sala Mattei \u2013 Piazza Di Vittorio, 1ore 21,00 Incontro aperto della Rete Punto Donna tra i Comuni di Nichelino, Vinovo, Candiolo, None<\/p>\n<p>sabato 25 novembre Palazzo Comunale \u2013 Sala Mattei \u2013 Piazza Di Vittorio, 1ore 10,00 Presentazione della\u00a0\u201cCarta Europea dei diritti delle donne nello sport\u201d\u00a0e presentazione della mostra sul tema rivolto alle associazioni sportive del territorio a cura di Uisp Torino in collaborazione con l\u2019Assessorato allo Sport di Nichelino<\/p>\n<p>luned\u00ec 27 novembre I.I.S. \u201cErasmo da Rotterdam\u201d \u2013 Via XXV aprile 139ore 10,00\u00a0\u201cOmotransnegativit\u00e0 e violenza di genere: quali intersezioni?\u201d\u00a0incontro rivolto alle scuole superiori con la dott.ssa Margherita Graglia \u2013 Psicologa, Psicoterapeuta, Sessuologa clinica, Formatrice e componente della Commissione Antidiscriminazione del SIGIS. Testimonianze dirette<\/p>\n<p>marted\u00ec 28 novembre Palazzo Comunale \u2013 Sala Mattei \u2013 Piazza Di Vittorio, 1ore 18,00 \u2013 20,00\u00a0\u201cMai pi\u00f9 molestie, mai pi\u00f9 violenze. Vademecum per riconoscere, prevenire, contrastare la violenza di genere e le molestie sessuali sui luoghi di lavoro\u201d\u00a0a cura della Citt\u00e0 Metropolitana di Torino, Cgil, Cisl, Uil, Api Torino, Ui Torino.Intervengono: Giampietro Tolardo, Sindaco della Citt\u00e0 di Nichelino, Alessandro Azzolina, Assessore alle Pari Opportunit\u00e0, Valentina Cera, Consigliera delegata Pari opportunit\u00e0 Citt\u00e0 Metropolitana di Torino, una Rappresentante per le tre sigle sindacali, un Rappresentante per le Associazioni datoriali, la Consigliera di parit\u00e0 Avvocata della Citt\u00e0 Metropolitana di Torino.<\/p>\n<p>marted\u00ec 28 novembre Circolo Primo Maggio \u2013 via S. Francesco D\u2019Assisi, 56ore 21,00\u00a0\u201cTutta intera\u201d\u00a0di Esp\u00e9rance Hakuzwimana (Einaudi). Appuntamento del gruppo di lettura \u201cRiflettiamoci\u201d di Nichelino RedBench. \u201cCi sono storie che aspettano di essere raccontate. (\u2026) Sono storie d\u2019identit\u00e0, paura del diverso e desiderio di appartenenza. Di discendenze lontane, e di un domani che si esige nelle proprie mani\u201d.<\/p>\n","protected":false},"excerpt":{"rendered":"","protected":false},"author":11,"featured_media":53962,"comment_status":"open","ping_status":"closed","sticky":false,"template":"","format":"standard","meta":[],"categories":[34],"tags":[],"news-destination":[],"news-source":[],"is_homepage":[581],"ta_other":[],"_links":{"self":[{"href":"https:\/\/www.ilmercoledi.news\/ilmercoledi\/news\/wp-json\/wp\/v2\/posts\/56968"}],"collection":[{"href":"https:\/\/www.ilmercoledi.news\/ilmercoledi\/news\/wp-json\/wp\/v2\/posts"}],"about":[{"href":"https:\/\/www.ilmercoledi.news\/ilmercoledi\/news\/wp-json\/wp\/v2\/types\/post"}],"author":[{"embeddable":true,"href":"https:\/\/www.ilmercoledi.news\/ilmercoledi\/news\/wp-json\/wp\/v2\/users\/11"}],"replies":[{"embeddable":true,"href":"https:\/\/www.ilmercoledi.news\/ilmercoledi\/news\/wp-json\/wp\/v2\/comments?post=56968"}],"version-history":[{"count":1,"href":"https:\/\/www.ilmercoledi.news\/ilmercoledi\/news\/wp-json\/wp\/v2\/posts\/56968\/revisions"}],"predecessor-version":[{"id":56969,"href":"https:\/\/www.ilmercoledi.news\/ilmercoledi\/news\/wp-json\/wp\/v2\/posts\/56968\/revisions\/56969"}],"wp:featuredmedia":[{"embeddable":true,"href":"https:\/\/www.ilmercoledi.news\/ilmercoledi\/news\/wp-json\/wp\/v2\/media\/53962"}],"wp:attachment":[{"href":"https:\/\/www.ilmercoledi.news\/ilmercoledi\/news\/wp-json\/wp\/v2\/media?parent=56968"}],"wp:term":[{"taxonomy":"category","embeddable":true,"href":"https:\/\/www.ilmercoledi.news\/ilmercoledi\/news\/wp-json\/wp\/v2\/categories?post=56968"},{"taxonomy":"post_tag","embeddable":true,"href":"https:\/\/www.ilmercoledi.news\/ilmercoledi\/news\/wp-json\/wp\/v2\/tags?post=56968"},{"taxonomy":"news-destination","embeddable":true,"href":"https:\/\/www.ilmercoledi.news\/ilmercoledi\/news\/wp-json\/wp\/v2\/news-destination?post=56968"},{"taxonomy":"news-source","embeddable":true,"href":"https:\/\/www.ilmercoledi.news\/ilmercoledi\/news\/wp-json\/wp\/v2\/news-source?post=56968"},{"taxonomy":"is_homepage","embeddable":true,"href":"https:\/\/www.ilmercoledi.news\/ilmercoledi\/news\/wp-json\/wp\/v2\/is_homepage?post=56968"},{"taxonomy":"ta_other","embeddable":true,"href":"https:\/\/www.ilmercoledi.news\/ilmercoledi\/news\/wp-json\/wp\/v2\/ta_other?post=56968"}],"curies":[{"name":"wp","href":"https:\/\/api.w.org\/{rel}","templated":true}]}}