{"id":57002,"date":"2023-11-15T06:52:53","date_gmt":"2023-11-15T05:52:53","guid":{"rendered":"https:\/\/euwps06.newsmemory.com\/ilmercoledi\/news\/?p=57002"},"modified":"2024-08-29T03:41:35","modified_gmt":"2023-11-03T03:41:35","slug":"carmagnola-incontro-con-citta-metropolitana-per-la-viabilita-zona-casanova-e-la-variante-nord","status":"publish","type":"post","link":"https:\/\/www.ilmercoledi.news\/2023\/11\/15\/carmagnola-incontro-con-citta-metropolitana-per-la-viabilita-zona-casanova-e-la-variante-nord\/","title":{"rendered":"CARMAGNOLA &#8211; Incontro con Citt\u00e0 Metropolitana per la viabilit\u00e0 in zona Casanova e la Variante nord"},"content":{"rendered":"<p>Il sindaco di Carmagnola, Ivana Gaveglio e l&#8217;assessore Alessandro Cammarata hanno incontrato nei giorni scorsi Citt\u00e0 Metropolitana, rinnovando la richiesta di affrontare il tema della\u00a0messa in sicurezza della Provinciale 129 in frazione Casanova, nei pressi dell\u2019omonima Abbazia. Per assicurare l\u2019incolumit\u00e0 dei pedoni\u00a0e dei ciclisti, il Comune\u00a0intende realizzare un\u00a0marciapiede che faciliti anche l\u2019ingresso alle attivit\u00e0 commerciali locali e che prosegua sino al cimitero. In questo caso\u00a0lo studio di fattibilit\u00e0 \u00e8 gi\u00e0 stato completato, non \u00e8 necessario modificare l\u2019attuale sezione stradale ed\u00a0\u00e8 possibile procedere alla progettazione esecutiva. \u00c8 imminente la formulazione del parere preliminare positivo da parte della Citt\u00e0 metropolitana. Il quadro economico degli interventi, aggiornato all\u2019ultimo prezziario regionale, prevede una\u00a0spesa di 215.000 euro. La Sindaca di Carmagnola e il Vicesindaco Suppo tengono a sottolineare che questa e altre opere sulla SP 129, come ad esempio la\u00a0rotatoria in frazione Motta, sono possibili anche grazie ai\u00a0proventi ottenuti con gli autovelox fissi installati sulla Provinciale 20. Sempre a Carmagnola sar\u00e0 avviato lo studio di fattibilit\u00e0 per il\u00a0completamento della pista ciclopedonale in frazione Gaidi, che deve essere collegata con la via San Pietro, con la realizzazione di un nuovo tratto di 160 metri.<\/p>\n<p>Nell\u2019incontro, le parti si sono confrontate anche sullo stato di avanzamento della\u00a0progettazione della Variante Nord, per la quale\u00a0lo studio di fattibilit\u00e0 \u00e8 approvato, mentre\u00a0il progetto definitivo sar\u00e0 completato entro l\u2019anno.\u00a0Nella riunione nel Municipio di Carmagnola si \u00e8 anche parlato del\u00a0ponte sul Po lungo la Provinciale 20,\u00a0\u00a0per il quale sono previsti interventi di\u00a0consolidamento e adeguamento.\u00a0Tali interventi sono\u00a0inseriti nel pi\u00f9 ampio progetto di\u00a0adeguamento della\u00a0SP 20 nel tratto tra la\u00a0Provinciale\u00a0142 nel\u00a0Comune di Carignano e la via Carignano\u00a0nel Comune di Carmagnola, strada comunale, quest\u2019ultima, che consente l\u2019accesso alla\u00a0frazione\u00a0di San\u00a0Michele e Grato.\u00a0In questo caso\u00a0la progettazione e realizzazione \u00e8 a cura della\u00a0S.C.R.-Societ\u00e0 di Committenza Regionale.\u00a0Comune e Citt\u00e0 metropolitana hanno parlato\u00a0dell&#8217;eventualit\u00e0 di\u00a0anticipare, anche in modo provvisorio, l\u2019adeguamento delle protezioni laterali\u00a0sul ponte.\u00a0Il Comune vorrebbe\u00a0inoltre\u00a0far riesaminare la possibilit\u00e0 di realizzare una\u00a0pista ciclabile sul ponte,\u00a0considerata la necessit\u00e0 di rifinanziamento dell&#8217;opera, per\u00a0l\u2019aumento dei costi.\u00a0 \u00a0Inoltre Comune e Citt\u00e0 metropolitana si stanno confrontando sull\u2019opportunit\u00e0 di\u00a0mettere in sicurezza con una rotatoria l\u2019incrocio tra la SP 20 e la via Carignano.<\/p>\n","protected":false},"excerpt":{"rendered":"","protected":false},"author":11,"featured_media":1170,"comment_status":"open","ping_status":"closed","sticky":false,"template":"","format":"standard","meta":[],"categories":[34],"tags":[],"news-destination":[],"news-source":[],"is_homepage":[581],"ta_other":[],"_links":{"self":[{"href":"https:\/\/www.ilmercoledi.news\/ilmercoledi\/news\/wp-json\/wp\/v2\/posts\/57002"}],"collection":[{"href":"https:\/\/www.ilmercoledi.news\/ilmercoledi\/news\/wp-json\/wp\/v2\/posts"}],"about":[{"href":"https:\/\/www.ilmercoledi.news\/ilmercoledi\/news\/wp-json\/wp\/v2\/types\/post"}],"author":[{"embeddable":true,"href":"https:\/\/www.ilmercoledi.news\/ilmercoledi\/news\/wp-json\/wp\/v2\/users\/11"}],"replies":[{"embeddable":true,"href":"https:\/\/www.ilmercoledi.news\/ilmercoledi\/news\/wp-json\/wp\/v2\/comments?post=57002"}],"version-history":[{"count":1,"href":"https:\/\/www.ilmercoledi.news\/ilmercoledi\/news\/wp-json\/wp\/v2\/posts\/57002\/revisions"}],"predecessor-version":[{"id":65144,"href":"https:\/\/www.ilmercoledi.news\/ilmercoledi\/news\/wp-json\/wp\/v2\/posts\/57002\/revisions\/65144"}],"wp:featuredmedia":[{"embeddable":true,"href":"https:\/\/www.ilmercoledi.news\/ilmercoledi\/news\/wp-json\/wp\/v2\/media\/1170"}],"wp:attachment":[{"href":"https:\/\/www.ilmercoledi.news\/ilmercoledi\/news\/wp-json\/wp\/v2\/media?parent=57002"}],"wp:term":[{"taxonomy":"category","embeddable":true,"href":"https:\/\/www.ilmercoledi.news\/ilmercoledi\/news\/wp-json\/wp\/v2\/categories?post=57002"},{"taxonomy":"post_tag","embeddable":true,"href":"https:\/\/www.ilmercoledi.news\/ilmercoledi\/news\/wp-json\/wp\/v2\/tags?post=57002"},{"taxonomy":"news-destination","embeddable":true,"href":"https:\/\/www.ilmercoledi.news\/ilmercoledi\/news\/wp-json\/wp\/v2\/news-destination?post=57002"},{"taxonomy":"news-source","embeddable":true,"href":"https:\/\/www.ilmercoledi.news\/ilmercoledi\/news\/wp-json\/wp\/v2\/news-source?post=57002"},{"taxonomy":"is_homepage","embeddable":true,"href":"https:\/\/www.ilmercoledi.news\/ilmercoledi\/news\/wp-json\/wp\/v2\/is_homepage?post=57002"},{"taxonomy":"ta_other","embeddable":true,"href":"https:\/\/www.ilmercoledi.news\/ilmercoledi\/news\/wp-json\/wp\/v2\/ta_other?post=57002"}],"curies":[{"name":"wp","href":"https:\/\/api.w.org\/{rel}","templated":true}]}}