{"id":57059,"date":"2023-11-20T07:07:53","date_gmt":"2023-11-20T06:07:53","guid":{"rendered":"https:\/\/euwps05.newsmemory.com\/ilmercoledi\/news\/?p=57059"},"modified":"2024-08-29T03:41:34","modified_gmt":"2023-11-03T03:41:34","slug":"moncalieri-salva-un-uomo-che-si-vuole-impiccare-via-papa-giovanni","status":"publish","type":"post","link":"https:\/\/www.ilmercoledi.news\/2023\/11\/20\/moncalieri-salva-un-uomo-che-si-vuole-impiccare-via-papa-giovanni\/","title":{"rendered":"MONCALIERI &#8211; Salva un uomo che si vuole impiccare in via Papa Giovanni"},"content":{"rendered":"<p>Un uomo di 40 anni ha salvato la vita ad uno di 30 che voleva impiccarsi ad un albero nel parco di via Papa Giovanni, a Moncalieri. E&#8217; successo venerd\u00ec mattina alle 7. Ha visto l&#8217;uomo appeso all&#8217;albero e non ci ha pensato su un attimo: \u00e8 corso verso di lui e gli ha tenuto le gambe, chiamando i soccorsi. L&#8217;ambulanza \u00e8 arrivata in pochi minuti e ha caricato il 30 enne per portarlo al Santa Croce. Una volta l\u00ec, le sue condizioni sono state definite non preoccupanti. Il gesto, secondo quanto ricostruito, sarebbe da collegare ad una forte depressione dell&#8217;uomo dopo la fine di una relazione sentimentale. Da lodare il gesto del passante, che era uscito di casa pochi minuti prima (abita in zona) per andare al lavoro.<\/p>\n","protected":false},"excerpt":{"rendered":"","protected":false},"author":11,"featured_media":57058,"comment_status":"open","ping_status":"closed","sticky":false,"template":"","format":"standard","meta":[],"categories":[34],"tags":[],"news-destination":[],"news-source":[],"is_homepage":[581],"ta_other":[],"_links":{"self":[{"href":"https:\/\/www.ilmercoledi.news\/ilmercoledi\/news\/wp-json\/wp\/v2\/posts\/57059"}],"collection":[{"href":"https:\/\/www.ilmercoledi.news\/ilmercoledi\/news\/wp-json\/wp\/v2\/posts"}],"about":[{"href":"https:\/\/www.ilmercoledi.news\/ilmercoledi\/news\/wp-json\/wp\/v2\/types\/post"}],"author":[{"embeddable":true,"href":"https:\/\/www.ilmercoledi.news\/ilmercoledi\/news\/wp-json\/wp\/v2\/users\/11"}],"replies":[{"embeddable":true,"href":"https:\/\/www.ilmercoledi.news\/ilmercoledi\/news\/wp-json\/wp\/v2\/comments?post=57059"}],"version-history":[{"count":1,"href":"https:\/\/www.ilmercoledi.news\/ilmercoledi\/news\/wp-json\/wp\/v2\/posts\/57059\/revisions"}],"predecessor-version":[{"id":65041,"href":"https:\/\/www.ilmercoledi.news\/ilmercoledi\/news\/wp-json\/wp\/v2\/posts\/57059\/revisions\/65041"}],"wp:featuredmedia":[{"embeddable":true,"href":"https:\/\/www.ilmercoledi.news\/ilmercoledi\/news\/wp-json\/wp\/v2\/media\/57058"}],"wp:attachment":[{"href":"https:\/\/www.ilmercoledi.news\/ilmercoledi\/news\/wp-json\/wp\/v2\/media?parent=57059"}],"wp:term":[{"taxonomy":"category","embeddable":true,"href":"https:\/\/www.ilmercoledi.news\/ilmercoledi\/news\/wp-json\/wp\/v2\/categories?post=57059"},{"taxonomy":"post_tag","embeddable":true,"href":"https:\/\/www.ilmercoledi.news\/ilmercoledi\/news\/wp-json\/wp\/v2\/tags?post=57059"},{"taxonomy":"news-destination","embeddable":true,"href":"https:\/\/www.ilmercoledi.news\/ilmercoledi\/news\/wp-json\/wp\/v2\/news-destination?post=57059"},{"taxonomy":"news-source","embeddable":true,"href":"https:\/\/www.ilmercoledi.news\/ilmercoledi\/news\/wp-json\/wp\/v2\/news-source?post=57059"},{"taxonomy":"is_homepage","embeddable":true,"href":"https:\/\/www.ilmercoledi.news\/ilmercoledi\/news\/wp-json\/wp\/v2\/is_homepage?post=57059"},{"taxonomy":"ta_other","embeddable":true,"href":"https:\/\/www.ilmercoledi.news\/ilmercoledi\/news\/wp-json\/wp\/v2\/ta_other?post=57059"}],"curies":[{"name":"wp","href":"https:\/\/api.w.org\/{rel}","templated":true}]}}