{"id":57120,"date":"2023-11-22T07:12:16","date_gmt":"2023-11-22T06:12:16","guid":{"rendered":"https:\/\/euwps05.newsmemory.com\/ilmercoledi\/news\/?p=57120"},"modified":"2024-08-29T03:41:32","modified_gmt":"2023-11-03T03:41:32","slug":"cambiano-incontro-biblioteca-con-la-fotografa-lucia-orlando","status":"publish","type":"post","link":"https:\/\/www.ilmercoledi.news\/2023\/11\/22\/cambiano-incontro-biblioteca-con-la-fotografa-lucia-orlando\/","title":{"rendered":"CAMBIANO &#8211; Incontro in biblioteca con la fotografa Lucia Orlando"},"content":{"rendered":"<p>Luned\u00ec 27 novembre alle ore 21, in Biblioteca Comunale, il Circolo Fotografico Autofocus &#8211; Cambiano invita ad un incontro con la fotografa Lucia Orlando.<\/p>\n<p>Un\u2019occasione speciale per scoprire la fotografia minimalista attraverso le opere della Orlando, caratterizzate da una lettura della realt\u00e0 che riduce al massimo ci\u00f2 che non \u00e8 necessario, per porre l\u2019enfasi sulle strutture elementari e geometriche delle forme e lasciare spazio all&#8217;immaginario dell&#8217;osservatore.<\/p>\n<p>L\u2019iniziativa, patrocinata dal Comune di Cambiano, \u00e8 a ingresso libero<\/p>\n<p>&nbsp;<\/p>\n","protected":false},"excerpt":{"rendered":"","protected":false},"author":11,"featured_media":3282,"comment_status":"open","ping_status":"closed","sticky":false,"template":"","format":"standard","meta":[],"categories":[34],"tags":[],"news-destination":[],"news-source":[],"is_homepage":[581],"ta_other":[],"_links":{"self":[{"href":"https:\/\/www.ilmercoledi.news\/ilmercoledi\/news\/wp-json\/wp\/v2\/posts\/57120"}],"collection":[{"href":"https:\/\/www.ilmercoledi.news\/ilmercoledi\/news\/wp-json\/wp\/v2\/posts"}],"about":[{"href":"https:\/\/www.ilmercoledi.news\/ilmercoledi\/news\/wp-json\/wp\/v2\/types\/post"}],"author":[{"embeddable":true,"href":"https:\/\/www.ilmercoledi.news\/ilmercoledi\/news\/wp-json\/wp\/v2\/users\/11"}],"replies":[{"embeddable":true,"href":"https:\/\/www.ilmercoledi.news\/ilmercoledi\/news\/wp-json\/wp\/v2\/comments?post=57120"}],"version-history":[{"count":1,"href":"https:\/\/www.ilmercoledi.news\/ilmercoledi\/news\/wp-json\/wp\/v2\/posts\/57120\/revisions"}],"predecessor-version":[{"id":57121,"href":"https:\/\/www.ilmercoledi.news\/ilmercoledi\/news\/wp-json\/wp\/v2\/posts\/57120\/revisions\/57121"}],"wp:featuredmedia":[{"embeddable":true,"href":"https:\/\/www.ilmercoledi.news\/ilmercoledi\/news\/wp-json\/wp\/v2\/media\/3282"}],"wp:attachment":[{"href":"https:\/\/www.ilmercoledi.news\/ilmercoledi\/news\/wp-json\/wp\/v2\/media?parent=57120"}],"wp:term":[{"taxonomy":"category","embeddable":true,"href":"https:\/\/www.ilmercoledi.news\/ilmercoledi\/news\/wp-json\/wp\/v2\/categories?post=57120"},{"taxonomy":"post_tag","embeddable":true,"href":"https:\/\/www.ilmercoledi.news\/ilmercoledi\/news\/wp-json\/wp\/v2\/tags?post=57120"},{"taxonomy":"news-destination","embeddable":true,"href":"https:\/\/www.ilmercoledi.news\/ilmercoledi\/news\/wp-json\/wp\/v2\/news-destination?post=57120"},{"taxonomy":"news-source","embeddable":true,"href":"https:\/\/www.ilmercoledi.news\/ilmercoledi\/news\/wp-json\/wp\/v2\/news-source?post=57120"},{"taxonomy":"is_homepage","embeddable":true,"href":"https:\/\/www.ilmercoledi.news\/ilmercoledi\/news\/wp-json\/wp\/v2\/is_homepage?post=57120"},{"taxonomy":"ta_other","embeddable":true,"href":"https:\/\/www.ilmercoledi.news\/ilmercoledi\/news\/wp-json\/wp\/v2\/ta_other?post=57120"}],"curies":[{"name":"wp","href":"https:\/\/api.w.org\/{rel}","templated":true}]}}