{"id":5719,"date":"2018-05-07T08:33:12","date_gmt":"2018-05-07T06:33:12","guid":{"rendered":"http:\/\/euwps02.tecnavia.com\/ilmercoledi\/news\/?p=5719"},"modified":"2018-05-07T08:33:15","modified_gmt":"2018-05-07T06:33:15","slug":"villastellone-18-maggio-tutti-piazza-la-protezione-civile","status":"publish","type":"post","link":"https:\/\/www.ilmercoledi.news\/2018\/05\/07\/villastellone-18-maggio-tutti-piazza-la-protezione-civile\/","title":{"rendered":"VILLASTELLONE &#8211; Il 18 maggio tutti in piazza con la Protezione Civile"},"content":{"rendered":"<p>Importante appuntamento del Progetto \u201cConosciamo la Protezione Civile\u201d che si terr\u00e0 il prossimo\u00a0<strong>18 maggio dalle 08:30 alle 12:30<\/strong>\u00a0in Piazza libert\u00e0 a Villastellone, con la giornata dedicata ai bambini delle scuola Primaria di Villastellone per sensibilizzarli in merito alle tematiche di Protezione Civile.<\/p>\n<p>Dopo la consueta rassegna invernale di incontri teorici nelle aule delle classi 3, 4 e 5L , il 18 maggio su tutta la Piazza Libert\u00e0 avr\u00e0 luogo la seconda e ultima fase di questo progetto che si articoler\u00e0 nel corso di una mattinata durante la quale le associazioni di Protezione Civile faranno vedere ai bambini le proprie caratteristiche, allestendo delle \u201cisole tematiche\u201d con rappresentazioni pratiche di previsione, prevenzione, soccorso e superamento dell\u2019emergenza.<\/p>\n<p>Dieci associazioni saranno le protagoniste della giornata, come l\u2019<strong>Associazione CB Stella<\/strong>\u00a0e i suoi mezzi in uso sul nostro territorio,\u00a0<strong>il gruppo Cinofoli dell\u2019Associazione Nazionale Polizia di Stato<\/strong>, la simulazione pratica sulle comunicazioni radio grazie\u00a0<strong>all\u2019Associazione Emergenza Radio Carmagnola<\/strong>, la strutturazione delle previsioni metereologiche ad opera\u00a0<strong>dell\u2019Associazione Meteonetwork<\/strong>; il\u00a0<strong>Nucleo Sommozzatori di Protezione Civile \u201cCravanzola\u201d<\/strong>\u00a0e la sempre presente\u00a0<strong>Associazione Nazionale Alpini<\/strong>\u00a0con le sue specialit\u00e0, sar\u00e0 anche presente\u00a0<strong>l\u2019Associazione Corpo Nazionale Guardiafuochi di Torino<\/strong>\u00a0che ci far\u00e0 capire cosa significa l\u2019emergenza in un ambiente con fumo e fiamme, per la parte sanitaria la sempre presente\u00a0<strong>Croce Verde di Villastellone<\/strong>\u00a0e\u00a0<strong>l\u2019Associazione di Sorveglianza Aerea Territoriale di Rivoli<\/strong>\u00a0che ci far\u00e0 rivivere il sorvolo aereo con i suoi velivoli e i droni. Quest\u2019anno si aggiunger\u00e0 una decima associazione, i\u00a0<strong>LIONS<\/strong>, associazione che si occupa di raccolta fondi, molto attiva nel lavoro invisibile dell\u2019aiuto umanitario e logistico.<\/p>\n<p>A questa iniziativa sono invitati tutti i cittadini interessati o semplicemente incuriositi dal saperne di pi\u00f9 sulla Protezione Civile.<\/p>\n","protected":false},"excerpt":{"rendered":"","protected":false},"author":11,"featured_media":5720,"comment_status":"open","ping_status":"closed","sticky":false,"template":"","format":"standard","meta":[],"categories":[34],"tags":[],"news-destination":[],"news-source":[],"is_homepage":[],"ta_other":[],"_links":{"self":[{"href":"https:\/\/www.ilmercoledi.news\/ilmercoledi\/news\/wp-json\/wp\/v2\/posts\/5719"}],"collection":[{"href":"https:\/\/www.ilmercoledi.news\/ilmercoledi\/news\/wp-json\/wp\/v2\/posts"}],"about":[{"href":"https:\/\/www.ilmercoledi.news\/ilmercoledi\/news\/wp-json\/wp\/v2\/types\/post"}],"author":[{"embeddable":true,"href":"https:\/\/www.ilmercoledi.news\/ilmercoledi\/news\/wp-json\/wp\/v2\/users\/11"}],"replies":[{"embeddable":true,"href":"https:\/\/www.ilmercoledi.news\/ilmercoledi\/news\/wp-json\/wp\/v2\/comments?post=5719"}],"version-history":[{"count":1,"href":"https:\/\/www.ilmercoledi.news\/ilmercoledi\/news\/wp-json\/wp\/v2\/posts\/5719\/revisions"}],"predecessor-version":[{"id":5721,"href":"https:\/\/www.ilmercoledi.news\/ilmercoledi\/news\/wp-json\/wp\/v2\/posts\/5719\/revisions\/5721"}],"wp:featuredmedia":[{"embeddable":true,"href":"https:\/\/www.ilmercoledi.news\/ilmercoledi\/news\/wp-json\/wp\/v2\/media\/5720"}],"wp:attachment":[{"href":"https:\/\/www.ilmercoledi.news\/ilmercoledi\/news\/wp-json\/wp\/v2\/media?parent=5719"}],"wp:term":[{"taxonomy":"category","embeddable":true,"href":"https:\/\/www.ilmercoledi.news\/ilmercoledi\/news\/wp-json\/wp\/v2\/categories?post=5719"},{"taxonomy":"post_tag","embeddable":true,"href":"https:\/\/www.ilmercoledi.news\/ilmercoledi\/news\/wp-json\/wp\/v2\/tags?post=5719"},{"taxonomy":"news-destination","embeddable":true,"href":"https:\/\/www.ilmercoledi.news\/ilmercoledi\/news\/wp-json\/wp\/v2\/news-destination?post=5719"},{"taxonomy":"news-source","embeddable":true,"href":"https:\/\/www.ilmercoledi.news\/ilmercoledi\/news\/wp-json\/wp\/v2\/news-source?post=5719"},{"taxonomy":"is_homepage","embeddable":true,"href":"https:\/\/www.ilmercoledi.news\/ilmercoledi\/news\/wp-json\/wp\/v2\/is_homepage?post=5719"},{"taxonomy":"ta_other","embeddable":true,"href":"https:\/\/www.ilmercoledi.news\/ilmercoledi\/news\/wp-json\/wp\/v2\/ta_other?post=5719"}],"curies":[{"name":"wp","href":"https:\/\/api.w.org\/{rel}","templated":true}]}}