{"id":57275,"date":"2023-11-28T07:13:58","date_gmt":"2023-11-28T06:13:58","guid":{"rendered":"https:\/\/euwps06.newsmemory.com\/ilmercoledi\/news\/?p=57275"},"modified":"2024-08-29T03:41:31","modified_gmt":"2023-11-03T03:41:31","slug":"moncalieri-il-comune-ordina-il-blocco-dellascensore-dellunicredit","status":"publish","type":"post","link":"https:\/\/www.ilmercoledi.news\/2023\/11\/28\/moncalieri-il-comune-ordina-il-blocco-dellascensore-dellunicredit\/","title":{"rendered":"MONCALIERI &#8211; Il Comune ordina il blocco dell&#8217;ascensore dell&#8217;Unicredit"},"content":{"rendered":"<p>Il Comune di Moncalieri blocca l\u2019ascensore installato in in Piazza Vittorio Emanuele II, n. 5 presso la sede Unicredit per ragioni di sicurezza. Secondo il rapporto dei tecnici, il gruppo centralina idraulica presenta copiose perdite di olio (rottura tubazioni interne) che pregiudicano il funzionamento dell\u2019impianto. Per questo motivo non \u00e9 stato possibile eseguire alcuna prova. In pi\u00f9 il quadro di manovra presenta componenti con evidenti segni di usura. Potr\u00e0 ritornare ad essere usufruibile dopo una verifica straordinaria avente esito favorevole<\/p>\n","protected":false},"excerpt":{"rendered":"","protected":false},"author":11,"featured_media":57273,"comment_status":"open","ping_status":"closed","sticky":false,"template":"","format":"standard","meta":[],"categories":[34],"tags":[],"news-destination":[],"news-source":[],"is_homepage":[581],"ta_other":[],"_links":{"self":[{"href":"https:\/\/www.ilmercoledi.news\/ilmercoledi\/news\/wp-json\/wp\/v2\/posts\/57275"}],"collection":[{"href":"https:\/\/www.ilmercoledi.news\/ilmercoledi\/news\/wp-json\/wp\/v2\/posts"}],"about":[{"href":"https:\/\/www.ilmercoledi.news\/ilmercoledi\/news\/wp-json\/wp\/v2\/types\/post"}],"author":[{"embeddable":true,"href":"https:\/\/www.ilmercoledi.news\/ilmercoledi\/news\/wp-json\/wp\/v2\/users\/11"}],"replies":[{"embeddable":true,"href":"https:\/\/www.ilmercoledi.news\/ilmercoledi\/news\/wp-json\/wp\/v2\/comments?post=57275"}],"version-history":[{"count":1,"href":"https:\/\/www.ilmercoledi.news\/ilmercoledi\/news\/wp-json\/wp\/v2\/posts\/57275\/revisions"}],"predecessor-version":[{"id":57277,"href":"https:\/\/www.ilmercoledi.news\/ilmercoledi\/news\/wp-json\/wp\/v2\/posts\/57275\/revisions\/57277"}],"wp:featuredmedia":[{"embeddable":true,"href":"https:\/\/www.ilmercoledi.news\/ilmercoledi\/news\/wp-json\/wp\/v2\/media\/57273"}],"wp:attachment":[{"href":"https:\/\/www.ilmercoledi.news\/ilmercoledi\/news\/wp-json\/wp\/v2\/media?parent=57275"}],"wp:term":[{"taxonomy":"category","embeddable":true,"href":"https:\/\/www.ilmercoledi.news\/ilmercoledi\/news\/wp-json\/wp\/v2\/categories?post=57275"},{"taxonomy":"post_tag","embeddable":true,"href":"https:\/\/www.ilmercoledi.news\/ilmercoledi\/news\/wp-json\/wp\/v2\/tags?post=57275"},{"taxonomy":"news-destination","embeddable":true,"href":"https:\/\/www.ilmercoledi.news\/ilmercoledi\/news\/wp-json\/wp\/v2\/news-destination?post=57275"},{"taxonomy":"news-source","embeddable":true,"href":"https:\/\/www.ilmercoledi.news\/ilmercoledi\/news\/wp-json\/wp\/v2\/news-source?post=57275"},{"taxonomy":"is_homepage","embeddable":true,"href":"https:\/\/www.ilmercoledi.news\/ilmercoledi\/news\/wp-json\/wp\/v2\/is_homepage?post=57275"},{"taxonomy":"ta_other","embeddable":true,"href":"https:\/\/www.ilmercoledi.news\/ilmercoledi\/news\/wp-json\/wp\/v2\/ta_other?post=57275"}],"curies":[{"name":"wp","href":"https:\/\/api.w.org\/{rel}","templated":true}]}}