{"id":57403,"date":"2023-12-05T14:53:00","date_gmt":"2023-12-05T13:53:00","guid":{"rendered":"https:\/\/euwps06.newsmemory.com\/ilmercoledi\/news\/?p=57403"},"modified":"2024-08-29T03:41:29","modified_gmt":"2023-11-03T03:41:29","slug":"carmagnola-sabrina-quaranta-nuova-coordinatrice-locale-del-pd","status":"publish","type":"post","link":"https:\/\/www.ilmercoledi.news\/2023\/12\/05\/carmagnola-sabrina-quaranta-nuova-coordinatrice-locale-del-pd\/","title":{"rendered":"CARMAGNOLA &#8211; Sabrina Quaranta nuova coordinatrice locale del Pd"},"content":{"rendered":"<p>Il circolo locale ha rinnovato i propri organi dirigenti, eleggendo come Coordinatrice Sabrina Quaranta e come componenti del Consiglio Direttivo: Paolo Sibona, Oriana Elia, Federico Tosco, Maria Teresa Bertero, Emilio Gamna, Silvana Giorcelli, Giovanni Tosco, Oana Raluca Budau, Carlo Gamna, Silvana Giorcelli.\u00a0Sabrina Quaranta ha annunciato anche che a breve rassegner\u00e0 le dimissioni dal suo ruolo di Consigliera Comunale per concentrare il suo tempo e le sue energie sul Partito. \u201c Non lo ritengo un passo indietro, ma un\u2019opportunit\u00e0 per spendermi in prima linea, in un ruolo pi\u00f9 politico, dove penso di poter dare un contributo importante \u201d.<\/p>\n<p>La serata \u00e8 stata aperta con la proiezione del monologo di Paola Cortellesi alla premiazione del David di Donatello del 2018, per sottolineare la particolare attenzione che il circolo vuole riservare al tema della violenza sulle donne. Prima del voto, sono state esposte le linee politiche e programmatiche del nuovo Direttivo, che ruotano intorno a quattro \u201cpilastri\u201d tematici, ritenuti prioritari per la Citt\u00e0: Ambiente e Viabilit\u00e0; Lavoro; Welfare, Pari Opportunit\u00e0 e Diritti; Organizzazione e Iniziative .\u00a0Attorno a questi argomenti sono stati costituiti dei tavoli di lavoro \u2013 che avranno lo scopo di proporre iniziative concrete e supportare l\u2019attivit\u00e0 in Consiglio Comunale \u2013 aperti anche ai non iscritti. La neoletta Sabrina Quaranta ha voluto sottolineare che la partecipazione di iscritti e simpatizzanti: &#8220;\u00e8 fondamentale per costruire un percorso credibile e concreto verso i prossimi appuntamenti elettorali e ha invitato a essere presenti ai tavoli e alle iniziative e a tesserarsi online o contattando il circolo&#8221;.<\/p>\n<p>All\u2019evento ha partecipato anche il Consigliere Regionale Diego Sarno , che ha commentato cos\u00ec la serata: &#8221; Una squadra rinnovata che punter\u00e0 con forza e passione al 2027 per dare a Carmagnola un&#8217;alternativa culturale fondata su giustizia, uguaglianza, tutela dell&#8217;ambiente e del lavoro, quello vero . Auguri di buon lavoro alla neo-segretaria Sabrina Quaranta e alle compagne e compagni militanti di Carmagnola!&#8221;.<\/p>\n","protected":false},"excerpt":{"rendered":"","protected":false},"author":11,"featured_media":57402,"comment_status":"open","ping_status":"closed","sticky":false,"template":"","format":"standard","meta":[],"categories":[34],"tags":[],"news-destination":[],"news-source":[],"is_homepage":[581],"ta_other":[],"_links":{"self":[{"href":"https:\/\/www.ilmercoledi.news\/ilmercoledi\/news\/wp-json\/wp\/v2\/posts\/57403"}],"collection":[{"href":"https:\/\/www.ilmercoledi.news\/ilmercoledi\/news\/wp-json\/wp\/v2\/posts"}],"about":[{"href":"https:\/\/www.ilmercoledi.news\/ilmercoledi\/news\/wp-json\/wp\/v2\/types\/post"}],"author":[{"embeddable":true,"href":"https:\/\/www.ilmercoledi.news\/ilmercoledi\/news\/wp-json\/wp\/v2\/users\/11"}],"replies":[{"embeddable":true,"href":"https:\/\/www.ilmercoledi.news\/ilmercoledi\/news\/wp-json\/wp\/v2\/comments?post=57403"}],"version-history":[{"count":1,"href":"https:\/\/www.ilmercoledi.news\/ilmercoledi\/news\/wp-json\/wp\/v2\/posts\/57403\/revisions"}],"predecessor-version":[{"id":64941,"href":"https:\/\/www.ilmercoledi.news\/ilmercoledi\/news\/wp-json\/wp\/v2\/posts\/57403\/revisions\/64941"}],"wp:featuredmedia":[{"embeddable":true,"href":"https:\/\/www.ilmercoledi.news\/ilmercoledi\/news\/wp-json\/wp\/v2\/media\/57402"}],"wp:attachment":[{"href":"https:\/\/www.ilmercoledi.news\/ilmercoledi\/news\/wp-json\/wp\/v2\/media?parent=57403"}],"wp:term":[{"taxonomy":"category","embeddable":true,"href":"https:\/\/www.ilmercoledi.news\/ilmercoledi\/news\/wp-json\/wp\/v2\/categories?post=57403"},{"taxonomy":"post_tag","embeddable":true,"href":"https:\/\/www.ilmercoledi.news\/ilmercoledi\/news\/wp-json\/wp\/v2\/tags?post=57403"},{"taxonomy":"news-destination","embeddable":true,"href":"https:\/\/www.ilmercoledi.news\/ilmercoledi\/news\/wp-json\/wp\/v2\/news-destination?post=57403"},{"taxonomy":"news-source","embeddable":true,"href":"https:\/\/www.ilmercoledi.news\/ilmercoledi\/news\/wp-json\/wp\/v2\/news-source?post=57403"},{"taxonomy":"is_homepage","embeddable":true,"href":"https:\/\/www.ilmercoledi.news\/ilmercoledi\/news\/wp-json\/wp\/v2\/is_homepage?post=57403"},{"taxonomy":"ta_other","embeddable":true,"href":"https:\/\/www.ilmercoledi.news\/ilmercoledi\/news\/wp-json\/wp\/v2\/ta_other?post=57403"}],"curies":[{"name":"wp","href":"https:\/\/api.w.org\/{rel}","templated":true}]}}