{"id":57430,"date":"2023-12-06T15:06:38","date_gmt":"2023-12-06T14:06:38","guid":{"rendered":"https:\/\/euwps05.newsmemory.com\/ilmercoledi\/news\/?p=57430"},"modified":"2024-08-29T03:41:29","modified_gmt":"2023-11-03T03:41:29","slug":"anniversario-thyssenkrupp-la-consigliera-valentina-cera-al-memoriale-del-monumentale-di-torino","status":"publish","type":"post","link":"https:\/\/www.ilmercoledi.news\/2023\/12\/06\/anniversario-thyssenkrupp-la-consigliera-valentina-cera-al-memoriale-del-monumentale-di-torino\/","title":{"rendered":"ANNIVERSARIO THYSSENKRUPP &#8211; La consigliera Valentina Cera al Memoriale del Monumentale di Torino"},"content":{"rendered":"<p>A sedici anni dalla tragedia della ThyssenKrupp, questa mattina, al Memoriale del Cimitero Monumentale di Torino si sono riunite le istituzioni insieme ai familiari delle vittime Antonio Schiavone, Roberto Scola, Angelo Laurino, Bruno Santino, Rocco Marzo, Rosario Rodin\u00f2 e Giuseppe Demasi.<\/p>\n<p>Alla cerimonia non \u00e8 voluta mancare Valentina Cera, consigliera di Citt\u00e0 metropolitana di Torino: un segnale chiaro di vicinanza e di impegno affinch\u00e8 tragedie come quella avvenuta il 6 dicembre 2007 nello stabilimento ThyssenKrupp di Torino non accadano pi\u00f9.<\/p>\n<p>&nbsp;<\/p>\n","protected":false},"excerpt":{"rendered":"","protected":false},"author":11,"featured_media":57428,"comment_status":"open","ping_status":"closed","sticky":false,"template":"","format":"standard","meta":[],"categories":[34],"tags":[],"news-destination":[],"news-source":[],"is_homepage":[581],"ta_other":[],"_links":{"self":[{"href":"https:\/\/www.ilmercoledi.news\/ilmercoledi\/news\/wp-json\/wp\/v2\/posts\/57430"}],"collection":[{"href":"https:\/\/www.ilmercoledi.news\/ilmercoledi\/news\/wp-json\/wp\/v2\/posts"}],"about":[{"href":"https:\/\/www.ilmercoledi.news\/ilmercoledi\/news\/wp-json\/wp\/v2\/types\/post"}],"author":[{"embeddable":true,"href":"https:\/\/www.ilmercoledi.news\/ilmercoledi\/news\/wp-json\/wp\/v2\/users\/11"}],"replies":[{"embeddable":true,"href":"https:\/\/www.ilmercoledi.news\/ilmercoledi\/news\/wp-json\/wp\/v2\/comments?post=57430"}],"version-history":[{"count":1,"href":"https:\/\/www.ilmercoledi.news\/ilmercoledi\/news\/wp-json\/wp\/v2\/posts\/57430\/revisions"}],"predecessor-version":[{"id":57432,"href":"https:\/\/www.ilmercoledi.news\/ilmercoledi\/news\/wp-json\/wp\/v2\/posts\/57430\/revisions\/57432"}],"wp:featuredmedia":[{"embeddable":true,"href":"https:\/\/www.ilmercoledi.news\/ilmercoledi\/news\/wp-json\/wp\/v2\/media\/57428"}],"wp:attachment":[{"href":"https:\/\/www.ilmercoledi.news\/ilmercoledi\/news\/wp-json\/wp\/v2\/media?parent=57430"}],"wp:term":[{"taxonomy":"category","embeddable":true,"href":"https:\/\/www.ilmercoledi.news\/ilmercoledi\/news\/wp-json\/wp\/v2\/categories?post=57430"},{"taxonomy":"post_tag","embeddable":true,"href":"https:\/\/www.ilmercoledi.news\/ilmercoledi\/news\/wp-json\/wp\/v2\/tags?post=57430"},{"taxonomy":"news-destination","embeddable":true,"href":"https:\/\/www.ilmercoledi.news\/ilmercoledi\/news\/wp-json\/wp\/v2\/news-destination?post=57430"},{"taxonomy":"news-source","embeddable":true,"href":"https:\/\/www.ilmercoledi.news\/ilmercoledi\/news\/wp-json\/wp\/v2\/news-source?post=57430"},{"taxonomy":"is_homepage","embeddable":true,"href":"https:\/\/www.ilmercoledi.news\/ilmercoledi\/news\/wp-json\/wp\/v2\/is_homepage?post=57430"},{"taxonomy":"ta_other","embeddable":true,"href":"https:\/\/www.ilmercoledi.news\/ilmercoledi\/news\/wp-json\/wp\/v2\/ta_other?post=57430"}],"curies":[{"name":"wp","href":"https:\/\/api.w.org\/{rel}","templated":true}]}}