{"id":57545,"date":"2023-12-12T07:27:06","date_gmt":"2023-12-12T06:27:06","guid":{"rendered":"https:\/\/euwps06.newsmemory.com\/ilmercoledi\/news\/?p=57545"},"modified":"2024-08-29T03:41:28","modified_gmt":"2023-11-03T03:41:28","slug":"santena-tornano-gli-eventi-di-natale-con-il-villaggio-e-il-buon-cibo","status":"publish","type":"post","link":"https:\/\/www.ilmercoledi.news\/2023\/12\/12\/santena-tornano-gli-eventi-di-natale-con-il-villaggio-e-il-buon-cibo\/","title":{"rendered":"SANTENA &#8211; Tornano gli eventi di Natale con il Villaggio e il buon cibo"},"content":{"rendered":"<p>Torna l&#8217;atteso evento annuale SanteNatale, dedicato alla celebrazione dell&#8217;arrivo delle festivit\u00e0. A partire dalle 9:00, potrete immergervi nell&#8217;atmosfera natalizia presso il Mercatino di Natale, che proporr\u00e0 bancarelle, hobbisti e idee regalo. Alle 10:00, si aprir\u00e0 il suggestivo Villaggio di Babbo Natale. A mezzogiorno, l&#8217;appuntamento \u00e8 con &#8220;Pizza in Piazza&#8221;, un laboratorio condotto da Sergio Scovazzo che sveler\u00e0 tutti i segreti per creare una pizza fatta in casa. L&#8217;ingresso \u00e8 gratuito fino a esaurimento posti, e l&#8217;evento si svolger\u00e0 presso la Sala Consiliare del Comune di Santena.<\/p>\n<p>Alle 14:30, prende il via la BabboRun, una gara podistica non competitiva. Le iscrizioni, al costo di 10 euro e comprensive di kit per i primi 100 iscritti, sono disponibili presso l&#8217;Edicola L&#8217;informazione in Piazza Martiri 19 e durante l&#8217;intera manifestazione fino alle 14:00. Una parte del ricavato sar\u00e0 devoluta all&#8217;Associazione Vita per l&#8217;acquisto del casco refrigerante.<\/p>\n<p>Nel pomeriggio, alle 14:30, potrete partecipare al laboratorio &#8220;Vivi Natura&#8221;, a cura di Cascina Bellezza Onlus. Successivamente, alle 15:00, si terr\u00e0 il laboratorio &#8220;Decora il tuo Natale&#8221; a cura di Maison Fleurie, su prenotazione al numero 339 1907 936 e al costo di 10 euro.<\/p>\n<p>La giornata si concluder\u00e0 alle 21:00 con il &#8220;Concerto di Natale&#8221; a cura della Corale Vivaldi<\/p>\n<p>&nbsp;<\/p>\n","protected":false},"excerpt":{"rendered":"","protected":false},"author":11,"featured_media":13196,"comment_status":"open","ping_status":"closed","sticky":false,"template":"","format":"standard","meta":[],"categories":[34],"tags":[],"news-destination":[],"news-source":[],"is_homepage":[581],"ta_other":[],"_links":{"self":[{"href":"https:\/\/www.ilmercoledi.news\/ilmercoledi\/news\/wp-json\/wp\/v2\/posts\/57545"}],"collection":[{"href":"https:\/\/www.ilmercoledi.news\/ilmercoledi\/news\/wp-json\/wp\/v2\/posts"}],"about":[{"href":"https:\/\/www.ilmercoledi.news\/ilmercoledi\/news\/wp-json\/wp\/v2\/types\/post"}],"author":[{"embeddable":true,"href":"https:\/\/www.ilmercoledi.news\/ilmercoledi\/news\/wp-json\/wp\/v2\/users\/11"}],"replies":[{"embeddable":true,"href":"https:\/\/www.ilmercoledi.news\/ilmercoledi\/news\/wp-json\/wp\/v2\/comments?post=57545"}],"version-history":[{"count":1,"href":"https:\/\/www.ilmercoledi.news\/ilmercoledi\/news\/wp-json\/wp\/v2\/posts\/57545\/revisions"}],"predecessor-version":[{"id":64924,"href":"https:\/\/www.ilmercoledi.news\/ilmercoledi\/news\/wp-json\/wp\/v2\/posts\/57545\/revisions\/64924"}],"wp:featuredmedia":[{"embeddable":true,"href":"https:\/\/www.ilmercoledi.news\/ilmercoledi\/news\/wp-json\/wp\/v2\/media\/13196"}],"wp:attachment":[{"href":"https:\/\/www.ilmercoledi.news\/ilmercoledi\/news\/wp-json\/wp\/v2\/media?parent=57545"}],"wp:term":[{"taxonomy":"category","embeddable":true,"href":"https:\/\/www.ilmercoledi.news\/ilmercoledi\/news\/wp-json\/wp\/v2\/categories?post=57545"},{"taxonomy":"post_tag","embeddable":true,"href":"https:\/\/www.ilmercoledi.news\/ilmercoledi\/news\/wp-json\/wp\/v2\/tags?post=57545"},{"taxonomy":"news-destination","embeddable":true,"href":"https:\/\/www.ilmercoledi.news\/ilmercoledi\/news\/wp-json\/wp\/v2\/news-destination?post=57545"},{"taxonomy":"news-source","embeddable":true,"href":"https:\/\/www.ilmercoledi.news\/ilmercoledi\/news\/wp-json\/wp\/v2\/news-source?post=57545"},{"taxonomy":"is_homepage","embeddable":true,"href":"https:\/\/www.ilmercoledi.news\/ilmercoledi\/news\/wp-json\/wp\/v2\/is_homepage?post=57545"},{"taxonomy":"ta_other","embeddable":true,"href":"https:\/\/www.ilmercoledi.news\/ilmercoledi\/news\/wp-json\/wp\/v2\/ta_other?post=57545"}],"curies":[{"name":"wp","href":"https:\/\/api.w.org\/{rel}","templated":true}]}}