{"id":58045,"date":"2024-01-02T15:01:05","date_gmt":"2024-01-02T14:01:05","guid":{"rendered":"https:\/\/euwps06.newsmemory.com\/ilmercoledi\/news\/?p=58045"},"modified":"2024-08-29T03:41:25","modified_gmt":"2023-11-03T03:41:25","slug":"vinovo-la-farfalla-gialla-nuova-opera-della-poetessa-antonietta-natalizio","status":"publish","type":"post","link":"https:\/\/www.ilmercoledi.news\/2024\/01\/02\/vinovo-la-farfalla-gialla-nuova-opera-della-poetessa-antonietta-natalizio\/","title":{"rendered":"VINOVO &#8211; &#8216;La Farfalla gialla&#8217;, nuova opera della poetessa Antonietta Natalizio"},"content":{"rendered":"<p>Felicit\u00e0, speranza, positivit\u00e0, ottimismo, energia\u2026 tutto ci\u00f2 che pu\u00f2 essere definito \u201cliberazione\u201d. Volano come una \u201cFarfalla gialla\u201d i versi di Antonietta Natalizio, nata a Nola, ma che vive a Vinovo, scrittrice, poetessa, psicologa clinica e di comunit\u00e0. \u00abUn altro simbolismo della farfalla si basa sulla metamorfosi: la crisalide \u00e8 l\u2019uomo che contiene la potenzialit\u00e0 dell\u2019essere; la farfalla che ne esce \u00e8 simbolo di rinascita. La bellezza della farfalla come il destino dell\u2019uomo \u00e8 manifestarsi nella sua potenza, in tutto il suo splendore e in tutto ci\u00f2 che siamo. Quindi, siamo chiamati a realizzarlo in piena responsabilit\u00e0\u00bb. L\u2019opera \u201cLa farfalla gialla\u201d \u00e8 pubblicata nella collana \u201cI Diamanti della Poesia\u201d dell\u2019Aletti editore; qui i versi, brevi e ben scanditi, sono una finestra sul mondo personale dell\u2019autrice; un mondo che nessun\u2019altra forma d\u2019arte saprebbe rappresentare. \u00abL\u2019unico mezzo per invertire il \u201cdecadentismo\u201d culturale del tempo &#8211; racconta Antonietta Natalizio -. La realt\u00e0 incide fortemente nei miei scritti. L\u2019arte si identifica con l\u2019esistenza stessa, per cui quando si incontra il bello, il buono, la spinta a descrivere quello che si prova e trasferirlo su di un foglio bianco diventa una priorit\u00e0. Allo stesso modo, quando mi trovo ad assistere a delle incongruenze totalmente visibili e crudeli, mettere nero su bianco diventa un dovere morale. La bellezza come opposizione ai canoni di potere\u00bb.<\/p>\n<p>A firmare la Prefazione della silloge \u00e8 Alessandro Quasimodo, poeta, autore e critico letterario, figlio del Premio Nobel Salvatore Quasimodo. \u00abLa Natalizio, pur citando tanti aspetti negativi che incontriamo nel nostro cammino, non perde la fiducia in un mondo migliore. Cita il quadrifoglio, emblema della poesia. Si stabilisce una relazione tra la descrizione e i riflessi arcani dell\u2019animo. Poesia \u00e8 il miracolo della rinascita periodica di piante e fiori dopo le cupe ombre dell\u2019inverno. Anche le persone ci sorprendono\u00bb. Ai versi si alternano \u201cpensieri sparsi\u201d, che possiamo definire, metaforicamente, come il volo di una farfalla che arriva dritto al cuore dei lettori. Pensieri liberi, incondizionati, spontanei. La poesia di Antonietta Natalizio \u00e8 caratterizzata da versi liberi, che non disdegnano di fare talvolta rima tra di loro, con l\u2019utilizzo della metafora, per rappresentare la realt\u00e0 spirituale dell\u2019individuo. \u00abDipingo con le parole &#8211; afferma l\u2019autrice -, come se fossero colori della tavolozza di un pittore, le impressioni, le speranze, i dolori, le finalit\u00e0, nobili e ignobili, dell\u2019uomo\u00bb.<\/p>\n<p>Realt\u00e0 e fantasia si intrecciano nella commistione tra una dimensione oggettiva e una immaginaria; strumenti che diventano gli elementi rielaborativi di una dimensione realistica sottesa. \u00abTutto questo &#8211; spiega la poetessa &#8211; \u00e8 legato ad una capacit\u00e0 trasformativa. La reciprocit\u00e0 osmotica tra uomo e natura \u00e8 fonte di ispirazione senza remore per la mia passione per il paesaggio. L\u2019intelligenza acustica della natura mi attrae. Luogo sacro e magico. Stimolo per le facolt\u00e0 spirituali, intellettive e fisiche, che conduce all\u2019unit\u00e0 del processo di creativit\u00e0. Punto focale per un perfetto intreccio tra il sogno e la realt\u00e0\u00bb.<\/p>\n<p>Antonietta Natalizio, psicologa clinica e di comunit\u00e0, organizza iniziative e gruppi di incontro sulla funzione terapeutica della poesia presso l\u2019UNITRE di Vinovo (Universit\u00e0 delle Tre Et\u00e0). La poetico-terapia guida l\u2019individuo ad una maggiore introspezione-condivisione-commozione: \u00e8 un processo trasformativo interiore. La poesia ha la grande capacit\u00e0, dunque, di curare l\u2019anima, di diventare \u201cArte Benefica\u201d, cio\u00e8 balsamo e argine al male di vivere. Per chi la vive e medita nella propria intimit\u00e0, si trasforma in pillola per l\u2019anima. Ed \u00e8 proprio questo che l\u2019autrice vuole trasmettere a chi legge la sua nuova opera. \u00abL\u2019uomo \u00e8 cercatore d\u2019infinito, che ne sia consapevole o meno, ed il poeta \u00e8 un ambasciatore di questa passione. L\u2019infinito non \u00e8 una dimensione della poesia, ma la sua meta. Ogni poeta cerca l\u2019infinito\u00bb.<\/p>\n","protected":false},"excerpt":{"rendered":"","protected":false},"author":11,"featured_media":58043,"comment_status":"open","ping_status":"closed","sticky":false,"template":"","format":"standard","meta":[],"categories":[34],"tags":[],"news-destination":[],"news-source":[],"is_homepage":[581],"ta_other":[],"_links":{"self":[{"href":"https:\/\/www.ilmercoledi.news\/ilmercoledi\/news\/wp-json\/wp\/v2\/posts\/58045"}],"collection":[{"href":"https:\/\/www.ilmercoledi.news\/ilmercoledi\/news\/wp-json\/wp\/v2\/posts"}],"about":[{"href":"https:\/\/www.ilmercoledi.news\/ilmercoledi\/news\/wp-json\/wp\/v2\/types\/post"}],"author":[{"embeddable":true,"href":"https:\/\/www.ilmercoledi.news\/ilmercoledi\/news\/wp-json\/wp\/v2\/users\/11"}],"replies":[{"embeddable":true,"href":"https:\/\/www.ilmercoledi.news\/ilmercoledi\/news\/wp-json\/wp\/v2\/comments?post=58045"}],"version-history":[{"count":1,"href":"https:\/\/www.ilmercoledi.news\/ilmercoledi\/news\/wp-json\/wp\/v2\/posts\/58045\/revisions"}],"predecessor-version":[{"id":58046,"href":"https:\/\/www.ilmercoledi.news\/ilmercoledi\/news\/wp-json\/wp\/v2\/posts\/58045\/revisions\/58046"}],"wp:featuredmedia":[{"embeddable":true,"href":"https:\/\/www.ilmercoledi.news\/ilmercoledi\/news\/wp-json\/wp\/v2\/media\/58043"}],"wp:attachment":[{"href":"https:\/\/www.ilmercoledi.news\/ilmercoledi\/news\/wp-json\/wp\/v2\/media?parent=58045"}],"wp:term":[{"taxonomy":"category","embeddable":true,"href":"https:\/\/www.ilmercoledi.news\/ilmercoledi\/news\/wp-json\/wp\/v2\/categories?post=58045"},{"taxonomy":"post_tag","embeddable":true,"href":"https:\/\/www.ilmercoledi.news\/ilmercoledi\/news\/wp-json\/wp\/v2\/tags?post=58045"},{"taxonomy":"news-destination","embeddable":true,"href":"https:\/\/www.ilmercoledi.news\/ilmercoledi\/news\/wp-json\/wp\/v2\/news-destination?post=58045"},{"taxonomy":"news-source","embeddable":true,"href":"https:\/\/www.ilmercoledi.news\/ilmercoledi\/news\/wp-json\/wp\/v2\/news-source?post=58045"},{"taxonomy":"is_homepage","embeddable":true,"href":"https:\/\/www.ilmercoledi.news\/ilmercoledi\/news\/wp-json\/wp\/v2\/is_homepage?post=58045"},{"taxonomy":"ta_other","embeddable":true,"href":"https:\/\/www.ilmercoledi.news\/ilmercoledi\/news\/wp-json\/wp\/v2\/ta_other?post=58045"}],"curies":[{"name":"wp","href":"https:\/\/api.w.org\/{rel}","templated":true}]}}