{"id":58158,"date":"2024-01-10T07:14:50","date_gmt":"2024-01-10T06:14:50","guid":{"rendered":"https:\/\/euwps05.newsmemory.com\/ilmercoledi\/news\/?p=58158"},"modified":"2024-08-29T03:41:23","modified_gmt":"2023-11-03T03:41:23","slug":"carmagnola-giornata-di-gratitudine-alle-forze-dellordine","status":"publish","type":"post","link":"https:\/\/www.ilmercoledi.news\/2024\/01\/10\/carmagnola-giornata-di-gratitudine-alle-forze-dellordine\/","title":{"rendered":"CARMAGNOLA &#8211; Giornata di gratitudine alle Forze dell&#8217;Ordine"},"content":{"rendered":"<p>Il 16 gennaio 2024 ricorre la &#8220;Giornata di gratitudine alle forze dell&#8217;ordine per il contrasto alle mafie&#8221;, istituita dalla Regione Piemonte per esprimere un profondo sentimento di riconoscenza, verso quei corpi dello Stato che si impegnano in prima linea nella lotta alla criminalit\u00e0 organizzata.<\/p>\n<p>La Citt\u00e0 di Carmagnola ha partecipato al Bando della Regione Piemonte, presentando un proprio progetto per celebrare l\u2019importante ricorrenza.<\/p>\n<p>Nello specifico,\u00a0marted\u00ec 16 gennaio a Carmagnola si svolger\u00e0 un convegno, nel corso del quale verr\u00e0 illustrato il lavoro delle forze dell\u2019ordine, impegnate quotidianamente nella tutela della sicurezza interna del nostro Paese.<\/p>\n<p>L&#8217;evento\u00a0si svolger\u00e0 dalle ore 10:45, sar\u00e0\u00a0rivolto in particolar modo ad un pubblico di docenti e studenti\u00a0e, per questo, si terr\u00e0 presso l\u2019Auditorium dell\u2019Istituto d\u2019Istruzione Superiore Statale \u201cBaldessano Roccati\u201d.<\/p>\n<p>All\u2019appuntamento sono stati invitati alcuni esponenti della Guardia di Finanza e del Corpo dei Carabinieri, ma anche autorit\u00e0 dello Stato, delegati della Regione Piemonte, sindaci di diversi comuni della Citt\u00e0 Metropolitana di Torino, religiosi e componenti di associazioni culturali, d\u2019arma e di volontariato sociale.<\/p>\n<p>&#8220;Siamo profondamente grati alle forze dell&#8217;ordine che, con impegno e dedizione, difendono la legalit\u00e0 e contrastano le mafie. La Giornata di gratitudine \u00e8 un momento significativo per esprimere il nostro riconoscimento nei confronti di coloro che, ogni giorno, lavorano instancabilmente per proteggere la nostra comunit\u00e0 &#8211; spiega il sindaco Ivana Gaveglio -, La nostra Amministrazione si \u00e8 sempre fortemente impegnata nella promozione della cultura della legalit\u00e0 e continuer\u00e0 a farlo rimanendo unita nella lotta contro ogni forma di criminalit\u00e0.&#8221;<\/p>\n","protected":false},"excerpt":{"rendered":"","protected":false},"author":11,"featured_media":5855,"comment_status":"open","ping_status":"closed","sticky":false,"template":"","format":"standard","meta":[],"categories":[34],"tags":[],"news-destination":[],"news-source":[],"is_homepage":[581],"ta_other":[],"_links":{"self":[{"href":"https:\/\/www.ilmercoledi.news\/ilmercoledi\/news\/wp-json\/wp\/v2\/posts\/58158"}],"collection":[{"href":"https:\/\/www.ilmercoledi.news\/ilmercoledi\/news\/wp-json\/wp\/v2\/posts"}],"about":[{"href":"https:\/\/www.ilmercoledi.news\/ilmercoledi\/news\/wp-json\/wp\/v2\/types\/post"}],"author":[{"embeddable":true,"href":"https:\/\/www.ilmercoledi.news\/ilmercoledi\/news\/wp-json\/wp\/v2\/users\/11"}],"replies":[{"embeddable":true,"href":"https:\/\/www.ilmercoledi.news\/ilmercoledi\/news\/wp-json\/wp\/v2\/comments?post=58158"}],"version-history":[{"count":1,"href":"https:\/\/www.ilmercoledi.news\/ilmercoledi\/news\/wp-json\/wp\/v2\/posts\/58158\/revisions"}],"predecessor-version":[{"id":64654,"href":"https:\/\/www.ilmercoledi.news\/ilmercoledi\/news\/wp-json\/wp\/v2\/posts\/58158\/revisions\/64654"}],"wp:featuredmedia":[{"embeddable":true,"href":"https:\/\/www.ilmercoledi.news\/ilmercoledi\/news\/wp-json\/wp\/v2\/media\/5855"}],"wp:attachment":[{"href":"https:\/\/www.ilmercoledi.news\/ilmercoledi\/news\/wp-json\/wp\/v2\/media?parent=58158"}],"wp:term":[{"taxonomy":"category","embeddable":true,"href":"https:\/\/www.ilmercoledi.news\/ilmercoledi\/news\/wp-json\/wp\/v2\/categories?post=58158"},{"taxonomy":"post_tag","embeddable":true,"href":"https:\/\/www.ilmercoledi.news\/ilmercoledi\/news\/wp-json\/wp\/v2\/tags?post=58158"},{"taxonomy":"news-destination","embeddable":true,"href":"https:\/\/www.ilmercoledi.news\/ilmercoledi\/news\/wp-json\/wp\/v2\/news-destination?post=58158"},{"taxonomy":"news-source","embeddable":true,"href":"https:\/\/www.ilmercoledi.news\/ilmercoledi\/news\/wp-json\/wp\/v2\/news-source?post=58158"},{"taxonomy":"is_homepage","embeddable":true,"href":"https:\/\/www.ilmercoledi.news\/ilmercoledi\/news\/wp-json\/wp\/v2\/is_homepage?post=58158"},{"taxonomy":"ta_other","embeddable":true,"href":"https:\/\/www.ilmercoledi.news\/ilmercoledi\/news\/wp-json\/wp\/v2\/ta_other?post=58158"}],"curies":[{"name":"wp","href":"https:\/\/api.w.org\/{rel}","templated":true}]}}