{"id":58197,"date":"2024-01-11T14:14:24","date_gmt":"2024-01-11T13:14:24","guid":{"rendered":"https:\/\/euwps05.newsmemory.com\/ilmercoledi\/news\/?p=58197"},"modified":"2024-08-29T03:41:23","modified_gmt":"2023-11-03T03:41:23","slug":"nichelino-carabinieri-arrestano-per-resistenza-un-30-enne-che-da-di-matto-allasl","status":"publish","type":"post","link":"https:\/\/www.ilmercoledi.news\/2024\/01\/11\/nichelino-carabinieri-arrestano-per-resistenza-un-30-enne-che-da-di-matto-allasl\/","title":{"rendered":"NICHELINO &#8211; I carabinieri arrestano per resistenza un 30 enne che d\u00e0 di matto all&#8217;Asl"},"content":{"rendered":"<p>D\u00e0 di matto all&#8217;Asl di Nichelino in via San Francesco perch\u00e9 vuole parlare con un medico che non \u00e8 in servizio e i carabinieri lo arrestano poi per resistenza. Si tratta di un 30 enne , che poi ha cercato di allontanarsi sul suo soccoter privo di assicurazione. I carabinieri, nel frattempo intervenuti, hanno chiesto all&#8217;uomo di calmarsi e di seguire i controlli del caso ma si \u00e8 rivoltato e ha tentato anche di mettere in moto il motorino e scappare. Cosa che gli sono valse le manette.<\/p>\n","protected":false},"excerpt":{"rendered":"","protected":false},"author":11,"featured_media":4609,"comment_status":"open","ping_status":"closed","sticky":false,"template":"","format":"standard","meta":[],"categories":[34],"tags":[],"news-destination":[],"news-source":[],"is_homepage":[581],"ta_other":[],"_links":{"self":[{"href":"https:\/\/www.ilmercoledi.news\/ilmercoledi\/news\/wp-json\/wp\/v2\/posts\/58197"}],"collection":[{"href":"https:\/\/www.ilmercoledi.news\/ilmercoledi\/news\/wp-json\/wp\/v2\/posts"}],"about":[{"href":"https:\/\/www.ilmercoledi.news\/ilmercoledi\/news\/wp-json\/wp\/v2\/types\/post"}],"author":[{"embeddable":true,"href":"https:\/\/www.ilmercoledi.news\/ilmercoledi\/news\/wp-json\/wp\/v2\/users\/11"}],"replies":[{"embeddable":true,"href":"https:\/\/www.ilmercoledi.news\/ilmercoledi\/news\/wp-json\/wp\/v2\/comments?post=58197"}],"version-history":[{"count":1,"href":"https:\/\/www.ilmercoledi.news\/ilmercoledi\/news\/wp-json\/wp\/v2\/posts\/58197\/revisions"}],"predecessor-version":[{"id":64682,"href":"https:\/\/www.ilmercoledi.news\/ilmercoledi\/news\/wp-json\/wp\/v2\/posts\/58197\/revisions\/64682"}],"wp:featuredmedia":[{"embeddable":true,"href":"https:\/\/www.ilmercoledi.news\/ilmercoledi\/news\/wp-json\/wp\/v2\/media\/4609"}],"wp:attachment":[{"href":"https:\/\/www.ilmercoledi.news\/ilmercoledi\/news\/wp-json\/wp\/v2\/media?parent=58197"}],"wp:term":[{"taxonomy":"category","embeddable":true,"href":"https:\/\/www.ilmercoledi.news\/ilmercoledi\/news\/wp-json\/wp\/v2\/categories?post=58197"},{"taxonomy":"post_tag","embeddable":true,"href":"https:\/\/www.ilmercoledi.news\/ilmercoledi\/news\/wp-json\/wp\/v2\/tags?post=58197"},{"taxonomy":"news-destination","embeddable":true,"href":"https:\/\/www.ilmercoledi.news\/ilmercoledi\/news\/wp-json\/wp\/v2\/news-destination?post=58197"},{"taxonomy":"news-source","embeddable":true,"href":"https:\/\/www.ilmercoledi.news\/ilmercoledi\/news\/wp-json\/wp\/v2\/news-source?post=58197"},{"taxonomy":"is_homepage","embeddable":true,"href":"https:\/\/www.ilmercoledi.news\/ilmercoledi\/news\/wp-json\/wp\/v2\/is_homepage?post=58197"},{"taxonomy":"ta_other","embeddable":true,"href":"https:\/\/www.ilmercoledi.news\/ilmercoledi\/news\/wp-json\/wp\/v2\/ta_other?post=58197"}],"curies":[{"name":"wp","href":"https:\/\/api.w.org\/{rel}","templated":true}]}}