{"id":58215,"date":"2024-01-13T07:26:52","date_gmt":"2024-01-13T06:26:52","guid":{"rendered":"https:\/\/euwps05.newsmemory.com\/ilmercoledi\/news\/?p=58215"},"modified":"2024-08-29T03:41:23","modified_gmt":"2023-11-03T03:41:23","slug":"nichelino-morto-lex-sindaco-angelino-riggio","status":"publish","type":"post","link":"https:\/\/www.ilmercoledi.news\/2024\/01\/13\/nichelino-morto-lex-sindaco-angelino-riggio\/","title":{"rendered":"NICHELINO &#8211; Morto l&#8217;ex sindaco Angelino Riggio"},"content":{"rendered":"<p>Lutto nel mondo politico di Nichelino e non solo per la morte dell&#8217;ex sindaco Angelino Riggio. Storico esponente del centro sinistra, era stato primo cittadino della citt\u00e0 due volte: la prima dall&#8217;ottobre 1992 all&#8217;aprile 1995 e la seconda dal giugno 2014 al dicembre 2015. Era stato anche consigliere regionale sempre nel centrosinistra nella sesta e settima legislatura dal 1995 al 2005. Aveva 76 anni. La notizia si \u00e9 sparsa in citt\u00e0 nel giro di poco. Secondo le ricostruzioni, Riggio \u00e9 stato trovato senza vita nel garage di casa sua. La tragedia \u00e9 avvenuta attorno alle 17,30. A trovarlo un familiare, allarmato dal fatto che Riggio tardava a rientrare a casa.<\/p>\n","protected":false},"excerpt":{"rendered":"","protected":false},"author":11,"featured_media":58214,"comment_status":"open","ping_status":"closed","sticky":false,"template":"","format":"standard","meta":[],"categories":[34],"tags":[],"news-destination":[],"news-source":[],"is_homepage":[],"ta_other":[],"_links":{"self":[{"href":"https:\/\/www.ilmercoledi.news\/ilmercoledi\/news\/wp-json\/wp\/v2\/posts\/58215"}],"collection":[{"href":"https:\/\/www.ilmercoledi.news\/ilmercoledi\/news\/wp-json\/wp\/v2\/posts"}],"about":[{"href":"https:\/\/www.ilmercoledi.news\/ilmercoledi\/news\/wp-json\/wp\/v2\/types\/post"}],"author":[{"embeddable":true,"href":"https:\/\/www.ilmercoledi.news\/ilmercoledi\/news\/wp-json\/wp\/v2\/users\/11"}],"replies":[{"embeddable":true,"href":"https:\/\/www.ilmercoledi.news\/ilmercoledi\/news\/wp-json\/wp\/v2\/comments?post=58215"}],"version-history":[{"count":1,"href":"https:\/\/www.ilmercoledi.news\/ilmercoledi\/news\/wp-json\/wp\/v2\/posts\/58215\/revisions"}],"predecessor-version":[{"id":58216,"href":"https:\/\/www.ilmercoledi.news\/ilmercoledi\/news\/wp-json\/wp\/v2\/posts\/58215\/revisions\/58216"}],"wp:featuredmedia":[{"embeddable":true,"href":"https:\/\/www.ilmercoledi.news\/ilmercoledi\/news\/wp-json\/wp\/v2\/media\/58214"}],"wp:attachment":[{"href":"https:\/\/www.ilmercoledi.news\/ilmercoledi\/news\/wp-json\/wp\/v2\/media?parent=58215"}],"wp:term":[{"taxonomy":"category","embeddable":true,"href":"https:\/\/www.ilmercoledi.news\/ilmercoledi\/news\/wp-json\/wp\/v2\/categories?post=58215"},{"taxonomy":"post_tag","embeddable":true,"href":"https:\/\/www.ilmercoledi.news\/ilmercoledi\/news\/wp-json\/wp\/v2\/tags?post=58215"},{"taxonomy":"news-destination","embeddable":true,"href":"https:\/\/www.ilmercoledi.news\/ilmercoledi\/news\/wp-json\/wp\/v2\/news-destination?post=58215"},{"taxonomy":"news-source","embeddable":true,"href":"https:\/\/www.ilmercoledi.news\/ilmercoledi\/news\/wp-json\/wp\/v2\/news-source?post=58215"},{"taxonomy":"is_homepage","embeddable":true,"href":"https:\/\/www.ilmercoledi.news\/ilmercoledi\/news\/wp-json\/wp\/v2\/is_homepage?post=58215"},{"taxonomy":"ta_other","embeddable":true,"href":"https:\/\/www.ilmercoledi.news\/ilmercoledi\/news\/wp-json\/wp\/v2\/ta_other?post=58215"}],"curies":[{"name":"wp","href":"https:\/\/api.w.org\/{rel}","templated":true}]}}