{"id":58240,"date":"2024-01-15T14:49:20","date_gmt":"2024-01-15T13:49:20","guid":{"rendered":"https:\/\/euwps05.newsmemory.com\/ilmercoledi\/news\/?p=58240"},"modified":"2024-08-29T03:41:22","modified_gmt":"2023-11-03T03:41:22","slug":"moncalieri-entro-il-9-febbraio-ci-si-puo-iscrivere-re-attori-per-trovare-lavoro","status":"publish","type":"post","link":"https:\/\/www.ilmercoledi.news\/2024\/01\/15\/moncalieri-entro-il-9-febbraio-ci-si-puo-iscrivere-re-attori-per-trovare-lavoro\/","title":{"rendered":"MONCALIERI &#8211; Entro il 9 febbraio ci si pu\u00f2 iscrivere a Re-Attori per trovare lavoro"},"content":{"rendered":"<p>Dieci incontri rivolti ai giovani disoccupati tra i 18 e i 35 anni in un percorso che mescola teatro e sviluppo professionale. Un \u201cColpo di scena\u201d possibile grazie a Re-Attori al Lavoro: un\u2019iniziativa voluta dalla citt\u00e0 e dalla Cooperativa Educazione Progetto, che offrir\u00e0 a dieci persone un laboratorio teatrale unico nel suo genere, unito alle consulenze di Moncalieri Lavoro, per arrivare pronti al colloquio di lavoro.<\/p>\n<p>\u201cOffriamo un nuovo palcoscenico dove i giovani possono affrontare e superare le loro paure, trasformando la ricerca di lavoro da ostacolo a opportunit\u00e0 di crescita e autoaffermazione\u201d afferma Davide Guida, Assessore alle Politiche per i Giovani.<\/p>\n<p>Dieci incontri, a partire dal 14 febbraio, aiuteranno giovani persone in cerca di lavoro, ad acquisire fiducia in se stessi per affrontare al meglio il tanto temuto colloquio di lavoro. \u00c8 prevista, inoltre, un&#8217;erogazione di 100 \u20ac in buoni spesa per ogni partecipante al laboratorio.<\/p>\n<p data-ogsc=\"rgb(0, 0, 0)\">\u201cRe-Attori al lavoro \u00e8 una palestra: sono previste simulazioni di colloqui di lavoro propedeutiche alla vera e propria fase di candidatura\u201d dichiara l\u2019Assessore alle Politiche per la Persona e Lavoro Silvia Di Crescenzo. \u201cInoltre, nel mese di maggio, i partecipanti saranno pronti per candidarsi a MoncalieriLavORA, l\u2019iniziativa della Citt\u00e0 di Moncalieri che fa incontrare aziende e lavoratori\u201d.<\/p>\n<p>L\u2019iniziativa si rivolge a 10 persone disoccupate tra i 18 e i 35 anni, residenti a Moncalieri, per prepararli a entrare con slancio nel mercato del lavoro. Sono previsti due incontri settimanali: il mercoled\u00ec e il venerd\u00ec dalle 14.30 alle 16.30 negli spazi di Teatranza in via Palestro 9. Il termine per le iscrizioni \u00e8 fissato per il 9 febbraio.<\/p>\n<p>Il progetto \u201cRe-Attori al Lavoro\u201d \u00e8 promosso dalla Citt\u00e0 di Moncalieri nell\u2019ambito della coprogettazione Moncalieri Per Le Persone, in collaborazione con Cooperativa Educazione Progetto Onlus e Santibriganti Teatro.\u00a0\u00c8 possibile inscriversi al seguente link\u00a0https:\/\/bit.ly\/Reattori<\/p>\n","protected":false},"excerpt":{"rendered":"","protected":false},"author":11,"featured_media":39517,"comment_status":"open","ping_status":"closed","sticky":false,"template":"","format":"standard","meta":[],"categories":[34],"tags":[],"news-destination":[],"news-source":[],"is_homepage":[581],"ta_other":[],"_links":{"self":[{"href":"https:\/\/www.ilmercoledi.news\/ilmercoledi\/news\/wp-json\/wp\/v2\/posts\/58240"}],"collection":[{"href":"https:\/\/www.ilmercoledi.news\/ilmercoledi\/news\/wp-json\/wp\/v2\/posts"}],"about":[{"href":"https:\/\/www.ilmercoledi.news\/ilmercoledi\/news\/wp-json\/wp\/v2\/types\/post"}],"author":[{"embeddable":true,"href":"https:\/\/www.ilmercoledi.news\/ilmercoledi\/news\/wp-json\/wp\/v2\/users\/11"}],"replies":[{"embeddable":true,"href":"https:\/\/www.ilmercoledi.news\/ilmercoledi\/news\/wp-json\/wp\/v2\/comments?post=58240"}],"version-history":[{"count":1,"href":"https:\/\/www.ilmercoledi.news\/ilmercoledi\/news\/wp-json\/wp\/v2\/posts\/58240\/revisions"}],"predecessor-version":[{"id":64543,"href":"https:\/\/www.ilmercoledi.news\/ilmercoledi\/news\/wp-json\/wp\/v2\/posts\/58240\/revisions\/64543"}],"wp:featuredmedia":[{"embeddable":true,"href":"https:\/\/www.ilmercoledi.news\/ilmercoledi\/news\/wp-json\/wp\/v2\/media\/39517"}],"wp:attachment":[{"href":"https:\/\/www.ilmercoledi.news\/ilmercoledi\/news\/wp-json\/wp\/v2\/media?parent=58240"}],"wp:term":[{"taxonomy":"category","embeddable":true,"href":"https:\/\/www.ilmercoledi.news\/ilmercoledi\/news\/wp-json\/wp\/v2\/categories?post=58240"},{"taxonomy":"post_tag","embeddable":true,"href":"https:\/\/www.ilmercoledi.news\/ilmercoledi\/news\/wp-json\/wp\/v2\/tags?post=58240"},{"taxonomy":"news-destination","embeddable":true,"href":"https:\/\/www.ilmercoledi.news\/ilmercoledi\/news\/wp-json\/wp\/v2\/news-destination?post=58240"},{"taxonomy":"news-source","embeddable":true,"href":"https:\/\/www.ilmercoledi.news\/ilmercoledi\/news\/wp-json\/wp\/v2\/news-source?post=58240"},{"taxonomy":"is_homepage","embeddable":true,"href":"https:\/\/www.ilmercoledi.news\/ilmercoledi\/news\/wp-json\/wp\/v2\/is_homepage?post=58240"},{"taxonomy":"ta_other","embeddable":true,"href":"https:\/\/www.ilmercoledi.news\/ilmercoledi\/news\/wp-json\/wp\/v2\/ta_other?post=58240"}],"curies":[{"name":"wp","href":"https:\/\/api.w.org\/{rel}","templated":true}]}}