{"id":58329,"date":"2024-01-18T15:00:01","date_gmt":"2024-01-18T14:00:01","guid":{"rendered":"https:\/\/euwps05.newsmemory.com\/ilmercoledi\/news\/?p=58329"},"modified":"2024-08-29T03:41:22","modified_gmt":"2023-11-03T03:41:22","slug":"poirino-parcheggi-rosa-per-giovani-mamme-o-donne-gravidanza","status":"publish","type":"post","link":"https:\/\/www.ilmercoledi.news\/2024\/01\/18\/poirino-parcheggi-rosa-per-giovani-mamme-o-donne-gravidanza\/","title":{"rendered":"POIRINO &#8211; Parcheggi rosa per giovani mamme o donne in gravidanza"},"content":{"rendered":"<p>L&#8217;Amministrazione Comunale di Poirino inserisce nel paese i parcheggi rosa, destinati alla sosta dei veicoli adibiti al servizio delle donne in stato di gravidanza o di genitori con un minore di et\u00e0 non superiore a due anni. &#8220;Un notevole apporto di natura sociale a sostegno della maternit\u00e0 e della genitorialit\u00e0, offrendo un\u2019agevolazione pratica in un frangente comune e quotidiano quale la ricerca di un parcheggio&#8221;, spiegano dal Comune<\/p>\n<p>Le aree di soste sono state inserite in: Piazza Morioni; Piazza Reggimenti Alpini; Strada Savona 2; Via Indipendenza 48; Piazza C. Pavese, Piazza S. Dissegna,\u00a0Via Pralormo 34;\u00a0Strada Savona 151, Fr. Favari scuola;\u00a0Marocchi scuola; Piazza Cavalieri V.V. ; Piazza Italia e Piazza Europa<\/p>\n<p>&nbsp;<\/p>\n<p>&nbsp;<\/p>\n","protected":false},"excerpt":{"rendered":"","protected":false},"author":11,"featured_media":58328,"comment_status":"open","ping_status":"closed","sticky":false,"template":"","format":"standard","meta":[],"categories":[34],"tags":[],"news-destination":[],"news-source":[],"is_homepage":[581],"ta_other":[],"_links":{"self":[{"href":"https:\/\/www.ilmercoledi.news\/ilmercoledi\/news\/wp-json\/wp\/v2\/posts\/58329"}],"collection":[{"href":"https:\/\/www.ilmercoledi.news\/ilmercoledi\/news\/wp-json\/wp\/v2\/posts"}],"about":[{"href":"https:\/\/www.ilmercoledi.news\/ilmercoledi\/news\/wp-json\/wp\/v2\/types\/post"}],"author":[{"embeddable":true,"href":"https:\/\/www.ilmercoledi.news\/ilmercoledi\/news\/wp-json\/wp\/v2\/users\/11"}],"replies":[{"embeddable":true,"href":"https:\/\/www.ilmercoledi.news\/ilmercoledi\/news\/wp-json\/wp\/v2\/comments?post=58329"}],"version-history":[{"count":1,"href":"https:\/\/www.ilmercoledi.news\/ilmercoledi\/news\/wp-json\/wp\/v2\/posts\/58329\/revisions"}],"predecessor-version":[{"id":64588,"href":"https:\/\/www.ilmercoledi.news\/ilmercoledi\/news\/wp-json\/wp\/v2\/posts\/58329\/revisions\/64588"}],"wp:featuredmedia":[{"embeddable":true,"href":"https:\/\/www.ilmercoledi.news\/ilmercoledi\/news\/wp-json\/wp\/v2\/media\/58328"}],"wp:attachment":[{"href":"https:\/\/www.ilmercoledi.news\/ilmercoledi\/news\/wp-json\/wp\/v2\/media?parent=58329"}],"wp:term":[{"taxonomy":"category","embeddable":true,"href":"https:\/\/www.ilmercoledi.news\/ilmercoledi\/news\/wp-json\/wp\/v2\/categories?post=58329"},{"taxonomy":"post_tag","embeddable":true,"href":"https:\/\/www.ilmercoledi.news\/ilmercoledi\/news\/wp-json\/wp\/v2\/tags?post=58329"},{"taxonomy":"news-destination","embeddable":true,"href":"https:\/\/www.ilmercoledi.news\/ilmercoledi\/news\/wp-json\/wp\/v2\/news-destination?post=58329"},{"taxonomy":"news-source","embeddable":true,"href":"https:\/\/www.ilmercoledi.news\/ilmercoledi\/news\/wp-json\/wp\/v2\/news-source?post=58329"},{"taxonomy":"is_homepage","embeddable":true,"href":"https:\/\/www.ilmercoledi.news\/ilmercoledi\/news\/wp-json\/wp\/v2\/is_homepage?post=58329"},{"taxonomy":"ta_other","embeddable":true,"href":"https:\/\/www.ilmercoledi.news\/ilmercoledi\/news\/wp-json\/wp\/v2\/ta_other?post=58329"}],"curies":[{"name":"wp","href":"https:\/\/api.w.org\/{rel}","templated":true}]}}