{"id":58416,"date":"2024-01-23T14:52:36","date_gmt":"2024-01-23T13:52:36","guid":{"rendered":"https:\/\/euwps05.newsmemory.com\/ilmercoledi\/news\/?p=58416"},"modified":"2024-08-29T03:41:22","modified_gmt":"2023-11-03T03:41:22","slug":"pecetto-servizio-civile-alla-croce-rossa-ecco-come-fare","status":"publish","type":"post","link":"https:\/\/www.ilmercoledi.news\/2024\/01\/23\/pecetto-servizio-civile-alla-croce-rossa-ecco-come-fare\/","title":{"rendered":"PECETTO &#8211; Servizio civile alla Croce Rossa? Ecco come fare"},"content":{"rendered":"<p>\u00c8 stato pubblicato sul sito del Dipartimento per le Politiche Giovanili e il Servizio Civile Universale il Bando per la selezione di 52.236 operatori volontari da impiegare in progetti di Servizio Civile Universale da realizzarsi in Italia e all\u2019estero. L\u2019iniziativa \u00e8 rivolta ai giovani dai 18 ai 29 anni (non compiuti).<\/p>\n<p>2.142 sono i posti promossi da Croce Rossa Italiana in 26 progetti suddivisi in 11 programmi su tutto il territorio nazionale.\u00a0Uno di questi progetti riguarda la sede della Croce Rossa di Chieri-Pino-Pecetto. L\u2019impegno sar\u00e0 di 12 mesi con un orario di servizio pari a 25 ore settimanali ed un rimborso di \u20ac 507,30 mensili. La scadenza per le domande da parte dei giovani \u00e8 indicata al\u00a015 febbraio 2024 alle ore 14.00.<\/p>\n<p>Gli aspiranti operatori Volontari dovranno produrre domanda di partecipazione esclusivamente attraverso la piattaforma Domanda On Line (DOL), raggiungibile tramite PC, tablet e smartphone al seguente link accessibile tramite il Sistema Pubblico di Identit\u00e0 Digitale SPID di livello di sicurezza 2:\u00a0presenta la domanda<\/p>\n<p>\u201cDa anni la Croce Rossa Italiana \u00e8 attiva nel Servizio Civile come opportunit\u00e0 di impegno per i giovani verso la societ\u00e0 e, in particolare, per le fasce pi\u00f9 deboli della popolazione, ma anche di crescita personale e umana, secondo i Principi che la contraddistinguono da sempre\u201d, dichiara il Presidente della CRI, Rosario Valastro. \u201cAllo stesso tempo, attraverso i nostri comitati territoriali, offriamo ai giovani la concreta possibilit\u00e0 di acquisire conoscenze e competenze proprie del mondo del volontariato e dei suoi valori, spendibili nel loro percorso professionale. Crediamo in una esperienza che possa essere un \u2018laboratorio\u2019 di cittadinanza e di futuro per i giovani che ci scelgono, potendo contare anche su una storia di servizio pi\u00f9 che centenaria della CRI che si arricchisce e si rinnova in campi sempre nuovi, come ad esempio quello della prevenzione ambientale, proprio grazie al loro impegno e dedizione\u201d, conclude Valastro.<\/p>\n","protected":false},"excerpt":{"rendered":"","protected":false},"author":11,"featured_media":52713,"comment_status":"open","ping_status":"closed","sticky":false,"template":"","format":"standard","meta":[],"categories":[34],"tags":[],"news-destination":[],"news-source":[],"is_homepage":[581],"ta_other":[],"_links":{"self":[{"href":"https:\/\/www.ilmercoledi.news\/ilmercoledi\/news\/wp-json\/wp\/v2\/posts\/58416"}],"collection":[{"href":"https:\/\/www.ilmercoledi.news\/ilmercoledi\/news\/wp-json\/wp\/v2\/posts"}],"about":[{"href":"https:\/\/www.ilmercoledi.news\/ilmercoledi\/news\/wp-json\/wp\/v2\/types\/post"}],"author":[{"embeddable":true,"href":"https:\/\/www.ilmercoledi.news\/ilmercoledi\/news\/wp-json\/wp\/v2\/users\/11"}],"replies":[{"embeddable":true,"href":"https:\/\/www.ilmercoledi.news\/ilmercoledi\/news\/wp-json\/wp\/v2\/comments?post=58416"}],"version-history":[{"count":1,"href":"https:\/\/www.ilmercoledi.news\/ilmercoledi\/news\/wp-json\/wp\/v2\/posts\/58416\/revisions"}],"predecessor-version":[{"id":64615,"href":"https:\/\/www.ilmercoledi.news\/ilmercoledi\/news\/wp-json\/wp\/v2\/posts\/58416\/revisions\/64615"}],"wp:featuredmedia":[{"embeddable":true,"href":"https:\/\/www.ilmercoledi.news\/ilmercoledi\/news\/wp-json\/wp\/v2\/media\/52713"}],"wp:attachment":[{"href":"https:\/\/www.ilmercoledi.news\/ilmercoledi\/news\/wp-json\/wp\/v2\/media?parent=58416"}],"wp:term":[{"taxonomy":"category","embeddable":true,"href":"https:\/\/www.ilmercoledi.news\/ilmercoledi\/news\/wp-json\/wp\/v2\/categories?post=58416"},{"taxonomy":"post_tag","embeddable":true,"href":"https:\/\/www.ilmercoledi.news\/ilmercoledi\/news\/wp-json\/wp\/v2\/tags?post=58416"},{"taxonomy":"news-destination","embeddable":true,"href":"https:\/\/www.ilmercoledi.news\/ilmercoledi\/news\/wp-json\/wp\/v2\/news-destination?post=58416"},{"taxonomy":"news-source","embeddable":true,"href":"https:\/\/www.ilmercoledi.news\/ilmercoledi\/news\/wp-json\/wp\/v2\/news-source?post=58416"},{"taxonomy":"is_homepage","embeddable":true,"href":"https:\/\/www.ilmercoledi.news\/ilmercoledi\/news\/wp-json\/wp\/v2\/is_homepage?post=58416"},{"taxonomy":"ta_other","embeddable":true,"href":"https:\/\/www.ilmercoledi.news\/ilmercoledi\/news\/wp-json\/wp\/v2\/ta_other?post=58416"}],"curies":[{"name":"wp","href":"https:\/\/api.w.org\/{rel}","templated":true}]}}