{"id":58503,"date":"2024-01-29T14:31:22","date_gmt":"2024-01-29T13:31:22","guid":{"rendered":"https:\/\/euwps05.newsmemory.com\/ilmercoledi\/news\/?p=58503"},"modified":"2024-08-29T03:41:21","modified_gmt":"2023-11-03T03:41:21","slug":"carmagnola-celebrazione-ecumenica-conclusione-della-settimana-per-lunita-dei-cristiani","status":"publish","type":"post","link":"https:\/\/www.ilmercoledi.news\/2024\/01\/29\/carmagnola-celebrazione-ecumenica-conclusione-della-settimana-per-lunita-dei-cristiani\/","title":{"rendered":"CARMAGNOLA &#8211; Celebrazione ecumenica in conclusione della Settimana per l&#8217;unit\u00e0 dei Cristiani"},"content":{"rendered":"<p>Si \u00e8 svolta mercoled\u00ec 24 gennaio nella chiesa nuova di Salsasio la celebrazione ecumenica in conclusione della Settimana per l&#8217;unit\u00e0 dei Cristiani 2024.<\/p>\n<p>Hanno presieduto la preghiera: don Iosif Patrascan Parroco di Salsasio, Casanova e Vallongo e referente per l&#8217;ecumenismo dell&#8217;Unit\u00e0 Pastorale 53 di Carmagnola, don Giovanni Manella Parroco di San Bernardo, San Giovanni e San Michele e moderatore dell&#8217;Unit\u00e0 Pastorale 53 di Carmagnola, Padre Mihai Vlasin della Chiesa Ortodossa di Carmagnola e il Pastore Matteo Ricciardi della Chiesa Evangelica.<\/p>\n<p>Presente anche il Sindaco di Carmagnola Ivana Gaveglio.<\/p>\n<p>Durante la settimana di preghiera per l&#8217;unit\u00e0 dei cristiani si \u00e8 anche svolta la colletta che \u00e8 stata destinata al Caritas Baby Hospital di Betlemme, che cura ogni anno migliaia di bambini e ragazzi palestinesi, che versano in situazione di grave difficolt\u00e0 economica e sociale. L&#8217;ospedale \u00e8 privato e sostenuto da tutte le Chiese della regione.<\/p>\n<p>&nbsp;<\/p>\n","protected":false},"excerpt":{"rendered":"","protected":false},"author":11,"featured_media":58502,"comment_status":"open","ping_status":"closed","sticky":false,"template":"","format":"standard","meta":[],"categories":[34],"tags":[],"news-destination":[],"news-source":[],"is_homepage":[581],"ta_other":[],"_links":{"self":[{"href":"https:\/\/www.ilmercoledi.news\/ilmercoledi\/news\/wp-json\/wp\/v2\/posts\/58503"}],"collection":[{"href":"https:\/\/www.ilmercoledi.news\/ilmercoledi\/news\/wp-json\/wp\/v2\/posts"}],"about":[{"href":"https:\/\/www.ilmercoledi.news\/ilmercoledi\/news\/wp-json\/wp\/v2\/types\/post"}],"author":[{"embeddable":true,"href":"https:\/\/www.ilmercoledi.news\/ilmercoledi\/news\/wp-json\/wp\/v2\/users\/11"}],"replies":[{"embeddable":true,"href":"https:\/\/www.ilmercoledi.news\/ilmercoledi\/news\/wp-json\/wp\/v2\/comments?post=58503"}],"version-history":[{"count":1,"href":"https:\/\/www.ilmercoledi.news\/ilmercoledi\/news\/wp-json\/wp\/v2\/posts\/58503\/revisions"}],"predecessor-version":[{"id":64528,"href":"https:\/\/www.ilmercoledi.news\/ilmercoledi\/news\/wp-json\/wp\/v2\/posts\/58503\/revisions\/64528"}],"wp:featuredmedia":[{"embeddable":true,"href":"https:\/\/www.ilmercoledi.news\/ilmercoledi\/news\/wp-json\/wp\/v2\/media\/58502"}],"wp:attachment":[{"href":"https:\/\/www.ilmercoledi.news\/ilmercoledi\/news\/wp-json\/wp\/v2\/media?parent=58503"}],"wp:term":[{"taxonomy":"category","embeddable":true,"href":"https:\/\/www.ilmercoledi.news\/ilmercoledi\/news\/wp-json\/wp\/v2\/categories?post=58503"},{"taxonomy":"post_tag","embeddable":true,"href":"https:\/\/www.ilmercoledi.news\/ilmercoledi\/news\/wp-json\/wp\/v2\/tags?post=58503"},{"taxonomy":"news-destination","embeddable":true,"href":"https:\/\/www.ilmercoledi.news\/ilmercoledi\/news\/wp-json\/wp\/v2\/news-destination?post=58503"},{"taxonomy":"news-source","embeddable":true,"href":"https:\/\/www.ilmercoledi.news\/ilmercoledi\/news\/wp-json\/wp\/v2\/news-source?post=58503"},{"taxonomy":"is_homepage","embeddable":true,"href":"https:\/\/www.ilmercoledi.news\/ilmercoledi\/news\/wp-json\/wp\/v2\/is_homepage?post=58503"},{"taxonomy":"ta_other","embeddable":true,"href":"https:\/\/www.ilmercoledi.news\/ilmercoledi\/news\/wp-json\/wp\/v2\/ta_other?post=58503"}],"curies":[{"name":"wp","href":"https:\/\/api.w.org\/{rel}","templated":true}]}}