{"id":58546,"date":"2024-01-30T07:44:21","date_gmt":"2024-01-30T06:44:21","guid":{"rendered":"https:\/\/euwps06.newsmemory.com\/ilmercoledi\/news\/?p=58546"},"modified":"2024-08-29T03:41:20","modified_gmt":"2023-11-03T03:41:20","slug":"nichelino-continuano-le-lamentele-per-lavori-della-maxi-pista-ciclabile","status":"publish","type":"post","link":"https:\/\/www.ilmercoledi.news\/2024\/01\/30\/nichelino-continuano-le-lamentele-per-lavori-della-maxi-pista-ciclabile\/","title":{"rendered":"NICHELINO &#8211; Continuano le lamentele per i lavori della maxi pista ciclabile"},"content":{"rendered":"<p>Continuano a crescere le lamentele a Nichelino per i lavori della nuova pista ciclabile. Soprattutto n via Miraflores, dove il cantiere \u00e8 gi\u00e0 arrivato e le lamentele fioccano alla grande: &#8220;Come mai \u00e8 stato deciso di farle dalla parte delle abitazione creando disagi sia per quanto riguarda la fermata della auto, i corrieri e lo svuotamento dei bidoni dell&#8217;immondizia che non sappiamo dove metterli per lo svuotamento?&#8221;, spiega un residente. E poi &#8220;Fra un po&#8217; non si passer\u00e0 neanche pi\u00f9 con le macchine, hanno ristretto parecchio la carreggiata&#8221;.<\/p>\n","protected":false},"excerpt":{"rendered":"","protected":false},"author":11,"featured_media":57032,"comment_status":"open","ping_status":"closed","sticky":false,"template":"","format":"standard","meta":[],"categories":[34],"tags":[],"news-destination":[],"news-source":[],"is_homepage":[581],"ta_other":[],"_links":{"self":[{"href":"https:\/\/www.ilmercoledi.news\/ilmercoledi\/news\/wp-json\/wp\/v2\/posts\/58546"}],"collection":[{"href":"https:\/\/www.ilmercoledi.news\/ilmercoledi\/news\/wp-json\/wp\/v2\/posts"}],"about":[{"href":"https:\/\/www.ilmercoledi.news\/ilmercoledi\/news\/wp-json\/wp\/v2\/types\/post"}],"author":[{"embeddable":true,"href":"https:\/\/www.ilmercoledi.news\/ilmercoledi\/news\/wp-json\/wp\/v2\/users\/11"}],"replies":[{"embeddable":true,"href":"https:\/\/www.ilmercoledi.news\/ilmercoledi\/news\/wp-json\/wp\/v2\/comments?post=58546"}],"version-history":[{"count":1,"href":"https:\/\/www.ilmercoledi.news\/ilmercoledi\/news\/wp-json\/wp\/v2\/posts\/58546\/revisions"}],"predecessor-version":[{"id":64436,"href":"https:\/\/www.ilmercoledi.news\/ilmercoledi\/news\/wp-json\/wp\/v2\/posts\/58546\/revisions\/64436"}],"wp:featuredmedia":[{"embeddable":true,"href":"https:\/\/www.ilmercoledi.news\/ilmercoledi\/news\/wp-json\/wp\/v2\/media\/57032"}],"wp:attachment":[{"href":"https:\/\/www.ilmercoledi.news\/ilmercoledi\/news\/wp-json\/wp\/v2\/media?parent=58546"}],"wp:term":[{"taxonomy":"category","embeddable":true,"href":"https:\/\/www.ilmercoledi.news\/ilmercoledi\/news\/wp-json\/wp\/v2\/categories?post=58546"},{"taxonomy":"post_tag","embeddable":true,"href":"https:\/\/www.ilmercoledi.news\/ilmercoledi\/news\/wp-json\/wp\/v2\/tags?post=58546"},{"taxonomy":"news-destination","embeddable":true,"href":"https:\/\/www.ilmercoledi.news\/ilmercoledi\/news\/wp-json\/wp\/v2\/news-destination?post=58546"},{"taxonomy":"news-source","embeddable":true,"href":"https:\/\/www.ilmercoledi.news\/ilmercoledi\/news\/wp-json\/wp\/v2\/news-source?post=58546"},{"taxonomy":"is_homepage","embeddable":true,"href":"https:\/\/www.ilmercoledi.news\/ilmercoledi\/news\/wp-json\/wp\/v2\/is_homepage?post=58546"},{"taxonomy":"ta_other","embeddable":true,"href":"https:\/\/www.ilmercoledi.news\/ilmercoledi\/news\/wp-json\/wp\/v2\/ta_other?post=58546"}],"curies":[{"name":"wp","href":"https:\/\/api.w.org\/{rel}","templated":true}]}}