{"id":58572,"date":"2024-01-31T14:00:05","date_gmt":"2024-01-31T13:00:05","guid":{"rendered":"https:\/\/euwps05.newsmemory.com\/ilmercoledi\/news\/?p=58572"},"modified":"2024-08-29T03:41:20","modified_gmt":"2023-11-03T03:41:20","slug":"agricoltura-dalla-provincia-di-torino-bruxelles-per-protestare-contro-le-politiche-comunitarie","status":"publish","type":"post","link":"https:\/\/www.ilmercoledi.news\/2024\/01\/31\/agricoltura-dalla-provincia-di-torino-bruxelles-per-protestare-contro-le-politiche-comunitarie\/","title":{"rendered":"AGRICOLTURA &#8211; Dalla provincia di Torino a Bruxelles per protestare contro le politiche comunitarie"},"content":{"rendered":"<p>Sono circa un centinaio gli agricoltori del Torinese che hanno risposto all\u2019appello alla mobilitazione lanciato da Coldiretti per una grande manifestazione di Bruxelles per fermare le politiche europee che minacciano l\u2019agricoltura italiana.<\/p>\n<p>\u00abUna chiamata a raccolta organizzata in Europa, dove serve fare sentire, forte, la voce delle nostre aziende agricole \u2013 osserva il presidente di Coldiretti Torino, Bruno Mecca Cici \u2013 Una mobilitazione in vista del Vertice europeo che sta avendo una grande risposta da parte dei nostri soci, a dimostrazione di quanto la nostra agricoltura senta sulla propria pelle l\u2019effetto di politiche europee sconsiderate che limitano le funzioni dell\u2019agricoltura preziose per tutta la societ\u00e0: dalla produzione di cibo naturale e non sintetico, fino al presidio contro il dissesto del territorio\u00bb.<\/p>\n<p>La manifestazione \u00e8, infatti, indetta in occasione del Vertice europeo straordinario sul bilancio dell\u2019Ue, al quale partecipa anche il premier Giorgia Meloni, dove la Commissione europea presenter\u00e0 la proposta per la deroga alle norme Ue sull\u2019obbligo di mantenere i terreni incolti previsto dalla Politica agricola comune (Pac).<\/p>\n<p>L\u2019appuntamento \u201cNon \u00e8 l\u2019Europa che vogliamo\u201d \u00e8 per gioved\u00ec 1\u00b0 febbraio alle ore 9 in Place du Luxembourg, di fronte al Parlamento europeo, dove assieme al presidente della Coldiretti Ettore Prandini ci saranno oltre un migliaio di contadini e allevatori provenienti da tutta Italia per sostenere la proposta e denunciare, con eclatanti azioni dimostrative, gli effetti delle politiche europee che mettono in pericolo la sopravvivenza delle campagne. Un obiettivo che \u00e8 il risultato della lunga battaglia della Coldiretti insieme alle altre grandi organizzazioni agricole europee a partire dalla francese Fnsea con la quale \u00e8 stato costruito un fronte comune. Nelle ultime settimane Coldiretti ha intensificato gli incontri con altre realt\u00e0 europee e con Ministri dell\u2019agricoltura di altri Stati membri.<\/p>\n<p>\u00abBene la proposta di deroga, che avevamo gi\u00e0 ottenuto per la crisi Ucraina, ma ora \u00e8 necessario sia cancellato definitivamente l\u2019obbligo di lasciare incolto il 4% dei terreni destinati a seminativi imposto dalla Politica agricola comune (Pac).\u00a0 \u00c8 una delle eredit\u00e0 dell\u2019era Timmermans, e, come diciamo da anni, \u00e8 una scelta sbagliata. Non ha senso impedire agli agricoltori di non coltivare quote dei loro terreni, quando poi si \u00e8 costretti ad importare\u00bb ha affermato il presidente della Coldiretti Ettore Prandini nell\u2019annunciare la protesta contro le follie dell\u2019Unione Europea.<\/p>\n<p>Coldiretti chiede di tornare a investire nella sovranit\u00e0 e nella sicurezza alimentare europea assicurando pi\u00f9 fondi alla Politica agricola comune dopo che la pandemia e le guerre hanno dimostrato tutta la fragilit\u00e0 dell\u2019Unione europea davanti al blocco del commercio mondiale. \u00abAnche per questo \u2013 conclude Prandini \u2013 serve una decisa svolta nelle politiche Europee per valorizzare le proprie terre fertili e fermare le importazioni sleali per fare in modo che tutti i prodotti che entrano nell\u2019Unione rispettino gli stessi standard dal punto di vista ambientale, sanitario e del rispetto delle norme sul lavoro previsti nel mercato interno. La nostra battaglia in Europa continuer\u00e0 in maniera forte e continuativa con proposte per il futuro degli agricoltori\u00bb.<\/p>\n","protected":false},"excerpt":{"rendered":"","protected":false},"author":11,"featured_media":7718,"comment_status":"open","ping_status":"closed","sticky":false,"template":"","format":"standard","meta":[],"categories":[34],"tags":[],"news-destination":[],"news-source":[],"is_homepage":[581],"ta_other":[],"_links":{"self":[{"href":"https:\/\/www.ilmercoledi.news\/ilmercoledi\/news\/wp-json\/wp\/v2\/posts\/58572"}],"collection":[{"href":"https:\/\/www.ilmercoledi.news\/ilmercoledi\/news\/wp-json\/wp\/v2\/posts"}],"about":[{"href":"https:\/\/www.ilmercoledi.news\/ilmercoledi\/news\/wp-json\/wp\/v2\/types\/post"}],"author":[{"embeddable":true,"href":"https:\/\/www.ilmercoledi.news\/ilmercoledi\/news\/wp-json\/wp\/v2\/users\/11"}],"replies":[{"embeddable":true,"href":"https:\/\/www.ilmercoledi.news\/ilmercoledi\/news\/wp-json\/wp\/v2\/comments?post=58572"}],"version-history":[{"count":1,"href":"https:\/\/www.ilmercoledi.news\/ilmercoledi\/news\/wp-json\/wp\/v2\/posts\/58572\/revisions"}],"predecessor-version":[{"id":58573,"href":"https:\/\/www.ilmercoledi.news\/ilmercoledi\/news\/wp-json\/wp\/v2\/posts\/58572\/revisions\/58573"}],"wp:featuredmedia":[{"embeddable":true,"href":"https:\/\/www.ilmercoledi.news\/ilmercoledi\/news\/wp-json\/wp\/v2\/media\/7718"}],"wp:attachment":[{"href":"https:\/\/www.ilmercoledi.news\/ilmercoledi\/news\/wp-json\/wp\/v2\/media?parent=58572"}],"wp:term":[{"taxonomy":"category","embeddable":true,"href":"https:\/\/www.ilmercoledi.news\/ilmercoledi\/news\/wp-json\/wp\/v2\/categories?post=58572"},{"taxonomy":"post_tag","embeddable":true,"href":"https:\/\/www.ilmercoledi.news\/ilmercoledi\/news\/wp-json\/wp\/v2\/tags?post=58572"},{"taxonomy":"news-destination","embeddable":true,"href":"https:\/\/www.ilmercoledi.news\/ilmercoledi\/news\/wp-json\/wp\/v2\/news-destination?post=58572"},{"taxonomy":"news-source","embeddable":true,"href":"https:\/\/www.ilmercoledi.news\/ilmercoledi\/news\/wp-json\/wp\/v2\/news-source?post=58572"},{"taxonomy":"is_homepage","embeddable":true,"href":"https:\/\/www.ilmercoledi.news\/ilmercoledi\/news\/wp-json\/wp\/v2\/is_homepage?post=58572"},{"taxonomy":"ta_other","embeddable":true,"href":"https:\/\/www.ilmercoledi.news\/ilmercoledi\/news\/wp-json\/wp\/v2\/ta_other?post=58572"}],"curies":[{"name":"wp","href":"https:\/\/api.w.org\/{rel}","templated":true}]}}