{"id":58600,"date":"2024-02-01T07:01:43","date_gmt":"2024-02-01T06:01:43","guid":{"rendered":"https:\/\/euwps05.newsmemory.com\/ilmercoledi\/news\/?p=58600"},"modified":"2024-08-29T03:41:20","modified_gmt":"2023-11-03T03:41:20","slug":"carmagnola-un-caldo-per-parlare-di-servizio-civile","status":"publish","type":"post","link":"https:\/\/www.ilmercoledi.news\/2024\/02\/01\/carmagnola-un-caldo-per-parlare-di-servizio-civile\/","title":{"rendered":"CARMAGNOLA &#8211; Un th\u00e8 caldo per parlare di servizio civile"},"content":{"rendered":"<p>\u00c8 uscito il nuovo bando di Servizio Civile Universale 2024\/2025 rivolto a giovani tra i 18 e i 28 anni. In Italia, ai giovani \u00e8 riconosciuto un contributo economico pari a 507,30 \u20ac per un impegno di circa 25 ore a settimana su 12 mesi (1145 ore in un anno). \u00c8 un\u2019esperienza che permette anche di avere una prima esperienza a livello professionale. A Carmagnola i\u00a0giovani interessati ad avere maggiori informazioni possono partecipare al\u00a0Th\u00e9 del gioved\u00ec,<strong>\u00a0gioved\u00ec 8 febbraio 2024, dalle ore 17 alle ore 18\u00a0<\/strong>al Centro Competenze di viale Garibaldi 27\/29.<\/p>\n<p>Le volontarie dell\u2019Informagiovani e Lavoro presenteranno il bando del Servizio Civile e racconteranno la loro esperienza. Sar\u00e0 un\u2019occasione per conoscere le attivit\u00e0 promosse dal progetto e rispondere a domande e curiosit\u00e0, accompagnate da un buon t\u00e8 caldo.<\/p>\n<p>La scadenza per la presentazione delle domande \u00e8 fissata alle ore 14:00 del 15 febbraio 2024.<\/p>\n","protected":false},"excerpt":{"rendered":"","protected":false},"author":11,"featured_media":58599,"comment_status":"open","ping_status":"closed","sticky":false,"template":"","format":"standard","meta":[],"categories":[34],"tags":[],"news-destination":[],"news-source":[],"is_homepage":[581],"ta_other":[],"_links":{"self":[{"href":"https:\/\/www.ilmercoledi.news\/ilmercoledi\/news\/wp-json\/wp\/v2\/posts\/58600"}],"collection":[{"href":"https:\/\/www.ilmercoledi.news\/ilmercoledi\/news\/wp-json\/wp\/v2\/posts"}],"about":[{"href":"https:\/\/www.ilmercoledi.news\/ilmercoledi\/news\/wp-json\/wp\/v2\/types\/post"}],"author":[{"embeddable":true,"href":"https:\/\/www.ilmercoledi.news\/ilmercoledi\/news\/wp-json\/wp\/v2\/users\/11"}],"replies":[{"embeddable":true,"href":"https:\/\/www.ilmercoledi.news\/ilmercoledi\/news\/wp-json\/wp\/v2\/comments?post=58600"}],"version-history":[{"count":1,"href":"https:\/\/www.ilmercoledi.news\/ilmercoledi\/news\/wp-json\/wp\/v2\/posts\/58600\/revisions"}],"predecessor-version":[{"id":64428,"href":"https:\/\/www.ilmercoledi.news\/ilmercoledi\/news\/wp-json\/wp\/v2\/posts\/58600\/revisions\/64428"}],"wp:featuredmedia":[{"embeddable":true,"href":"https:\/\/www.ilmercoledi.news\/ilmercoledi\/news\/wp-json\/wp\/v2\/media\/58599"}],"wp:attachment":[{"href":"https:\/\/www.ilmercoledi.news\/ilmercoledi\/news\/wp-json\/wp\/v2\/media?parent=58600"}],"wp:term":[{"taxonomy":"category","embeddable":true,"href":"https:\/\/www.ilmercoledi.news\/ilmercoledi\/news\/wp-json\/wp\/v2\/categories?post=58600"},{"taxonomy":"post_tag","embeddable":true,"href":"https:\/\/www.ilmercoledi.news\/ilmercoledi\/news\/wp-json\/wp\/v2\/tags?post=58600"},{"taxonomy":"news-destination","embeddable":true,"href":"https:\/\/www.ilmercoledi.news\/ilmercoledi\/news\/wp-json\/wp\/v2\/news-destination?post=58600"},{"taxonomy":"news-source","embeddable":true,"href":"https:\/\/www.ilmercoledi.news\/ilmercoledi\/news\/wp-json\/wp\/v2\/news-source?post=58600"},{"taxonomy":"is_homepage","embeddable":true,"href":"https:\/\/www.ilmercoledi.news\/ilmercoledi\/news\/wp-json\/wp\/v2\/is_homepage?post=58600"},{"taxonomy":"ta_other","embeddable":true,"href":"https:\/\/www.ilmercoledi.news\/ilmercoledi\/news\/wp-json\/wp\/v2\/ta_other?post=58600"}],"curies":[{"name":"wp","href":"https:\/\/api.w.org\/{rel}","templated":true}]}}