{"id":58661,"date":"2024-02-05T07:34:11","date_gmt":"2024-02-05T06:34:11","guid":{"rendered":"https:\/\/euwps05.newsmemory.com\/ilmercoledi\/news\/?p=58661"},"modified":"2024-08-29T03:41:20","modified_gmt":"2023-11-03T03:41:20","slug":"moncalieri-ritmika-il-13-giugno-ce-emma","status":"publish","type":"post","link":"https:\/\/www.ilmercoledi.news\/2024\/02\/05\/moncalieri-ritmika-il-13-giugno-ce-emma\/","title":{"rendered":"MONCALIERI &#8211; A Ritmika il 13 giugno c&#8217;\u00e8 Emma"},"content":{"rendered":"<p>Ritmika, gioved\u00ec 13 giugno, ospiter\u00e0 la prima tappa del tour estivo di\u00a0Emma, in gara tra pochi giorni al Festival di Sanremo con \u201cApnea\u201d\u00a0il brano scritto dalla stessa\u00a0Emma\u00a0insieme a Paolo Antonacci, Davide Petrella e Julien Boverod (in arte Jvli) che \u00e8 anche il produttore della canzone.<\/p>\n<p>\u201cApnea\u201d uscir\u00e0 in digitale mercoled\u00ec 7 febbraio e da venerd\u00ec 9 febbraio sar\u00e0 disponibile in \u201cSouvenir Sanremo Edition 2024\u201d (Capitol\/Universal Music), l\u2019unica edizione di \u201cSouvenir\u201d, disponibile in formato cd e in digitale, che conterr\u00e0 il brano sanremese e la speciale card baciata da\u00a0Emma\u00a0(disponibile in tutti gli store) o la card baciata e autografata (in esclusiva sullo store ufficiale di Universal).<\/p>\n<p>A Sanremo\u00a0Emma\u00a0si presenter\u00e0 sul palco in una veste inedita, libera e coerente con la persona che abbiamo imparato a conoscere con\u00a0\u201cSouvenir\u201d.\u00a0Gi\u00e0 dai primi momenti in studio, durante la scrittura di \u201cApnea\u201d,\u00a0Emma\u00a0ha sentito che era la canzone giusta da portare sul palco dell\u2019Ariston per continuare il suo percorso musicale. Un brano che far\u00e0 ballare, tre minuti di grande trasporto in cui il pubblico rester\u00e0 col fiato sospeso.\u00a0Durante la serata del Festival dedicata alle cover,\u00a0venerd\u00ec 9 febbraio,\u00a0Emma\u00a0omagger\u00e0 Tiziano Ferro,\u00a0grande artista e amico da cui negli anni ha tratto grande ispirazione,\u00a0con un medley dei suoi pi\u00f9 grandi successi, e al suo fianco per l\u2019occasione ci sar\u00e0 il rapper e cantautore genovese Bresh: pop e urban si intrecceranno per una performance originale e sorprendente. A dirigere l\u2019orchestra\u00a0per\u00a0Emma\u00a0durante la settimana sanremese sar\u00e0 il\u00a0Maestro Alberto Cipolla.<\/p>\n<p>Emma\u00a0arriva a Sanremo dopo l\u2019uscita di \u201cSouvenir\u201d (uscito ad ottobre 2023 e certificato oro) e l\u2019esperienza di \u201cSouvenir in da club\u201d che, tra novembre e dicembre, l\u2019ha vista protagonista, con pi\u00f9 date per citta\u0300, sui palchi dei club della nostra penisola, per presentare live al suo pubblico in modo intimo e rock and roll i brani del nuovo disco. Quest\u2019estate Emma sar\u00e0 in tour nei principali festival italiani, a partire da Ritmika a Moncalieri.<\/p>\n","protected":false},"excerpt":{"rendered":"","protected":false},"author":11,"featured_media":58658,"comment_status":"open","ping_status":"closed","sticky":false,"template":"","format":"standard","meta":[],"categories":[34],"tags":[],"news-destination":[],"news-source":[],"is_homepage":[581],"ta_other":[],"_links":{"self":[{"href":"https:\/\/www.ilmercoledi.news\/ilmercoledi\/news\/wp-json\/wp\/v2\/posts\/58661"}],"collection":[{"href":"https:\/\/www.ilmercoledi.news\/ilmercoledi\/news\/wp-json\/wp\/v2\/posts"}],"about":[{"href":"https:\/\/www.ilmercoledi.news\/ilmercoledi\/news\/wp-json\/wp\/v2\/types\/post"}],"author":[{"embeddable":true,"href":"https:\/\/www.ilmercoledi.news\/ilmercoledi\/news\/wp-json\/wp\/v2\/users\/11"}],"replies":[{"embeddable":true,"href":"https:\/\/www.ilmercoledi.news\/ilmercoledi\/news\/wp-json\/wp\/v2\/comments?post=58661"}],"version-history":[{"count":1,"href":"https:\/\/www.ilmercoledi.news\/ilmercoledi\/news\/wp-json\/wp\/v2\/posts\/58661\/revisions"}],"predecessor-version":[{"id":64443,"href":"https:\/\/www.ilmercoledi.news\/ilmercoledi\/news\/wp-json\/wp\/v2\/posts\/58661\/revisions\/64443"}],"wp:featuredmedia":[{"embeddable":true,"href":"https:\/\/www.ilmercoledi.news\/ilmercoledi\/news\/wp-json\/wp\/v2\/media\/58658"}],"wp:attachment":[{"href":"https:\/\/www.ilmercoledi.news\/ilmercoledi\/news\/wp-json\/wp\/v2\/media?parent=58661"}],"wp:term":[{"taxonomy":"category","embeddable":true,"href":"https:\/\/www.ilmercoledi.news\/ilmercoledi\/news\/wp-json\/wp\/v2\/categories?post=58661"},{"taxonomy":"post_tag","embeddable":true,"href":"https:\/\/www.ilmercoledi.news\/ilmercoledi\/news\/wp-json\/wp\/v2\/tags?post=58661"},{"taxonomy":"news-destination","embeddable":true,"href":"https:\/\/www.ilmercoledi.news\/ilmercoledi\/news\/wp-json\/wp\/v2\/news-destination?post=58661"},{"taxonomy":"news-source","embeddable":true,"href":"https:\/\/www.ilmercoledi.news\/ilmercoledi\/news\/wp-json\/wp\/v2\/news-source?post=58661"},{"taxonomy":"is_homepage","embeddable":true,"href":"https:\/\/www.ilmercoledi.news\/ilmercoledi\/news\/wp-json\/wp\/v2\/is_homepage?post=58661"},{"taxonomy":"ta_other","embeddable":true,"href":"https:\/\/www.ilmercoledi.news\/ilmercoledi\/news\/wp-json\/wp\/v2\/ta_other?post=58661"}],"curies":[{"name":"wp","href":"https:\/\/api.w.org\/{rel}","templated":true}]}}