{"id":58680,"date":"2024-02-06T07:08:36","date_gmt":"2024-02-06T06:08:36","guid":{"rendered":"https:\/\/euwps05.newsmemory.com\/ilmercoledi\/news\/?p=58680"},"modified":"2024-08-29T03:41:20","modified_gmt":"2023-11-03T03:41:20","slug":"cintura-stop-ai-concimi-animali-per-eccessivo-inquinamento-moncalieri-e-dintorni","status":"publish","type":"post","link":"https:\/\/www.ilmercoledi.news\/2024\/02\/06\/cintura-stop-ai-concimi-animali-per-eccessivo-inquinamento-moncalieri-e-dintorni\/","title":{"rendered":"CINTURA &#8211; Stop ai concimi animali per eccessivo inquinamento a Moncalieri e dintorni"},"content":{"rendered":"<p>Per gli agricoltori di Moncalieri, Nichelino, Carignano, La Loggia, Candiolo e Trofarello scatta il divieto di utilizzare concimi animali nei campi per le emissioni in atmosfera che vengono prodotte. L\u2019agricoltura, infatti, viene additata come la prima causa di inquinamento da polveri sottili nella Pianura Padana e Coldiretti emette un bollettino dove si indicano i Comuni dove la tecnica deve essere sospesa a causa del livello di polveri sottili presenti.<\/p>\n<p>&#8220;Il bollettino &#8211; spiegano da Coldiretti -, dimostra che non c\u2019\u00e8 far west e che anche l\u2019agricoltura \u00e8 sottoposta alle limitazioni delle attivit\u00e0 ritenute impattanti sulla qualit\u00e0 dell\u2019aria e che deve sottostare al famoso \u201csemaforo della qualit\u00e0 dell\u2019aria\u201d definito da ARPA tutte le settimane. Nei mesi centrali dell\u2019inverno, gli spandimenti sono comunque sempre vietati. Il \u201csemaforo\u201d degli spandimenti \u00e8 riferito sempre a una cartografia complessa che indica zone \u201cvulnerabili\u201d ai nitrati, tutte perfettamente mappate&#8221;.<\/p>\n","protected":false},"excerpt":{"rendered":"","protected":false},"author":11,"featured_media":7718,"comment_status":"open","ping_status":"closed","sticky":false,"template":"","format":"standard","meta":[],"categories":[34],"tags":[],"news-destination":[],"news-source":[],"is_homepage":[581],"ta_other":[],"_links":{"self":[{"href":"https:\/\/www.ilmercoledi.news\/ilmercoledi\/news\/wp-json\/wp\/v2\/posts\/58680"}],"collection":[{"href":"https:\/\/www.ilmercoledi.news\/ilmercoledi\/news\/wp-json\/wp\/v2\/posts"}],"about":[{"href":"https:\/\/www.ilmercoledi.news\/ilmercoledi\/news\/wp-json\/wp\/v2\/types\/post"}],"author":[{"embeddable":true,"href":"https:\/\/www.ilmercoledi.news\/ilmercoledi\/news\/wp-json\/wp\/v2\/users\/11"}],"replies":[{"embeddable":true,"href":"https:\/\/www.ilmercoledi.news\/ilmercoledi\/news\/wp-json\/wp\/v2\/comments?post=58680"}],"version-history":[{"count":1,"href":"https:\/\/www.ilmercoledi.news\/ilmercoledi\/news\/wp-json\/wp\/v2\/posts\/58680\/revisions"}],"predecessor-version":[{"id":64453,"href":"https:\/\/www.ilmercoledi.news\/ilmercoledi\/news\/wp-json\/wp\/v2\/posts\/58680\/revisions\/64453"}],"wp:featuredmedia":[{"embeddable":true,"href":"https:\/\/www.ilmercoledi.news\/ilmercoledi\/news\/wp-json\/wp\/v2\/media\/7718"}],"wp:attachment":[{"href":"https:\/\/www.ilmercoledi.news\/ilmercoledi\/news\/wp-json\/wp\/v2\/media?parent=58680"}],"wp:term":[{"taxonomy":"category","embeddable":true,"href":"https:\/\/www.ilmercoledi.news\/ilmercoledi\/news\/wp-json\/wp\/v2\/categories?post=58680"},{"taxonomy":"post_tag","embeddable":true,"href":"https:\/\/www.ilmercoledi.news\/ilmercoledi\/news\/wp-json\/wp\/v2\/tags?post=58680"},{"taxonomy":"news-destination","embeddable":true,"href":"https:\/\/www.ilmercoledi.news\/ilmercoledi\/news\/wp-json\/wp\/v2\/news-destination?post=58680"},{"taxonomy":"news-source","embeddable":true,"href":"https:\/\/www.ilmercoledi.news\/ilmercoledi\/news\/wp-json\/wp\/v2\/news-source?post=58680"},{"taxonomy":"is_homepage","embeddable":true,"href":"https:\/\/www.ilmercoledi.news\/ilmercoledi\/news\/wp-json\/wp\/v2\/is_homepage?post=58680"},{"taxonomy":"ta_other","embeddable":true,"href":"https:\/\/www.ilmercoledi.news\/ilmercoledi\/news\/wp-json\/wp\/v2\/ta_other?post=58680"}],"curies":[{"name":"wp","href":"https:\/\/api.w.org\/{rel}","templated":true}]}}