{"id":5884,"date":"2018-05-10T15:22:22","date_gmt":"2018-05-10T13:22:22","guid":{"rendered":"http:\/\/euwps02.tecnavia.com\/ilmercoledi\/news\/?p=5884"},"modified":"2018-05-10T15:22:24","modified_gmt":"2018-05-10T13:22:24","slug":"moncalieri-al-polifunzionale-santa-maria-si-parla-del-ruolo-dei-genitori","status":"publish","type":"post","link":"https:\/\/www.ilmercoledi.news\/2018\/05\/10\/moncalieri-al-polifunzionale-santa-maria-si-parla-del-ruolo-dei-genitori\/","title":{"rendered":"MONCALIERI &#8211; Al polifunzionale di Santa Maria si parla del ruolo dei genitori"},"content":{"rendered":"<p align=\"JUSTIFY\">Sabato 19 maggio dalle 10 alle 12 si terr\u00e0 al Punto di Svolta presso il Polifunzionale di Via Santa Maria 27 bis un incontro per famiglie dal titolo \u201cPace Carote e Patate\u201dall&#8217;interno del progetto \u201cCasa Zoe: famiglie bene comune\u201d. Durante la mattinata si parler\u00e0 del ruolo di genitori come educatori, della gestione dei conflitti e dell\u2019aggressivit\u00e0, attraverso momenti di discussione tra adulti e attivit\u00e0 di gioco per i bambini.<\/p>\n<p align=\"JUSTIFY\">L\u2019incontro \u00e8 organizzato dalla Citt\u00e0 di Moncalieri in collaborazione con CasaZoe, l\u2019Istituto Comprensivo Santa Maria e il Centro Studi Sereno Regis di Torino, importante realt\u00e0 attiva per la ricerca e l\u2019azione sui temi della pace e della sostenibilit\u00e0.<\/p>\n<p align=\"JUSTIFY\">Obiettivo dell\u2019incontro \u00e8 dare vita a momenti e spazi di confronto tra genitori ed educatori, dove si possano affrontare dubbi e perplessit\u00e0 educative, imparare a gestire l\u2019aggressivit\u00e0 e il giudizio e insegnare il rispetto. Ci si confronter\u00e0 insieme sul punto di vista dei grandi e dei piccoli sui problemi di tutti i giorni, si discuter\u00e0 e si cercher\u00e0 di trovare soluzioni comuni nell\u2019interpretazione del difficile ruolo che genitori e insegnanti sono chiamati a portare avanti quotidianamente.<\/p>\n<p align=\"JUSTIFY\">L\u2019iniziativa \u00e8 rivolta in particolare a genitori e insegnanti di bambini da 0 a 6 anni.<\/p>\n<p align=\"JUSTIFY\">All\u2019incontro saranno presenti gli operatori del Centro Studi Sereno Regis che proporranno alle famiglie e agli insegnanti presenti un calendario di incontri per l\u2019estate.<\/p>\n<p align=\"JUSTIFY\">\u201c<i>Portiamo avanti l\u2019idea di una citt\u00e0 che offre costantemente supporto e occasioni di confronto per le nostre famiglie<\/i>\u201d spiegano il Sindaco Paolo Montagna e il Capo di Gabinetto Davide Guida \u201c<i>a cui diamo la massima attenzione perch\u00e9 su di loro la citt\u00e0 riesce a farsi comunit\u00e0\u201d. <\/i><\/p>\n","protected":false},"excerpt":{"rendered":"","protected":false},"author":11,"featured_media":2841,"comment_status":"open","ping_status":"closed","sticky":false,"template":"","format":"standard","meta":[],"categories":[34],"tags":[],"news-destination":[],"news-source":[],"is_homepage":[],"ta_other":[],"_links":{"self":[{"href":"https:\/\/www.ilmercoledi.news\/ilmercoledi\/news\/wp-json\/wp\/v2\/posts\/5884"}],"collection":[{"href":"https:\/\/www.ilmercoledi.news\/ilmercoledi\/news\/wp-json\/wp\/v2\/posts"}],"about":[{"href":"https:\/\/www.ilmercoledi.news\/ilmercoledi\/news\/wp-json\/wp\/v2\/types\/post"}],"author":[{"embeddable":true,"href":"https:\/\/www.ilmercoledi.news\/ilmercoledi\/news\/wp-json\/wp\/v2\/users\/11"}],"replies":[{"embeddable":true,"href":"https:\/\/www.ilmercoledi.news\/ilmercoledi\/news\/wp-json\/wp\/v2\/comments?post=5884"}],"version-history":[{"count":1,"href":"https:\/\/www.ilmercoledi.news\/ilmercoledi\/news\/wp-json\/wp\/v2\/posts\/5884\/revisions"}],"predecessor-version":[{"id":5885,"href":"https:\/\/www.ilmercoledi.news\/ilmercoledi\/news\/wp-json\/wp\/v2\/posts\/5884\/revisions\/5885"}],"wp:featuredmedia":[{"embeddable":true,"href":"https:\/\/www.ilmercoledi.news\/ilmercoledi\/news\/wp-json\/wp\/v2\/media\/2841"}],"wp:attachment":[{"href":"https:\/\/www.ilmercoledi.news\/ilmercoledi\/news\/wp-json\/wp\/v2\/media?parent=5884"}],"wp:term":[{"taxonomy":"category","embeddable":true,"href":"https:\/\/www.ilmercoledi.news\/ilmercoledi\/news\/wp-json\/wp\/v2\/categories?post=5884"},{"taxonomy":"post_tag","embeddable":true,"href":"https:\/\/www.ilmercoledi.news\/ilmercoledi\/news\/wp-json\/wp\/v2\/tags?post=5884"},{"taxonomy":"news-destination","embeddable":true,"href":"https:\/\/www.ilmercoledi.news\/ilmercoledi\/news\/wp-json\/wp\/v2\/news-destination?post=5884"},{"taxonomy":"news-source","embeddable":true,"href":"https:\/\/www.ilmercoledi.news\/ilmercoledi\/news\/wp-json\/wp\/v2\/news-source?post=5884"},{"taxonomy":"is_homepage","embeddable":true,"href":"https:\/\/www.ilmercoledi.news\/ilmercoledi\/news\/wp-json\/wp\/v2\/is_homepage?post=5884"},{"taxonomy":"ta_other","embeddable":true,"href":"https:\/\/www.ilmercoledi.news\/ilmercoledi\/news\/wp-json\/wp\/v2\/ta_other?post=5884"}],"curies":[{"name":"wp","href":"https:\/\/api.w.org\/{rel}","templated":true}]}}