{"id":58873,"date":"2024-02-15T07:21:39","date_gmt":"2024-02-15T06:21:39","guid":{"rendered":"https:\/\/euwps06.newsmemory.com\/ilmercoledi\/news\/?p=58873"},"modified":"2024-08-29T03:41:19","modified_gmt":"2023-11-03T03:41:19","slug":"poirino-domanda-al-servizio-civile-prorogata-al-22-febbraio","status":"publish","type":"post","link":"https:\/\/www.ilmercoledi.news\/2024\/02\/15\/poirino-domanda-al-servizio-civile-prorogata-al-22-febbraio\/","title":{"rendered":"POIRINO &#8211; Domanda al servizio civile prorogata al 22 febbraio"},"content":{"rendered":"<p>il Comune di Poirino comunica che il termine ultimo per la presentazione delle domande di partecipazione al Servizio Civile Universale \u00e8 stato prorogato alle ore 14:00 del 22 febbraio<\/p>\n<p>Chi ha tra i 18 e i 28 anni e vuole partecipare al\u00a0 progetto PAROLE IN PRESTITO\u00a0 del Servizio Civile Universale che avr\u00e0 come sede la Biblioteca Civica di Poirino, pu\u00f2 inviare la domanda fino alle ore 14 di Gioved\u00ec 22 febbraio.\u00a0 \u00a0In caso di errata compilazione, \u00e8 consentito ai candidati di annullare la domanda fino alle ore 14:00 del giorno precedente a quello della nuova scadenza.<\/p>\n<p>&nbsp;<\/p>\n","protected":false},"excerpt":{"rendered":"","protected":false},"author":11,"featured_media":10288,"comment_status":"open","ping_status":"closed","sticky":false,"template":"","format":"standard","meta":[],"categories":[34],"tags":[],"news-destination":[],"news-source":[],"is_homepage":[581],"ta_other":[],"_links":{"self":[{"href":"https:\/\/www.ilmercoledi.news\/ilmercoledi\/news\/wp-json\/wp\/v2\/posts\/58873"}],"collection":[{"href":"https:\/\/www.ilmercoledi.news\/ilmercoledi\/news\/wp-json\/wp\/v2\/posts"}],"about":[{"href":"https:\/\/www.ilmercoledi.news\/ilmercoledi\/news\/wp-json\/wp\/v2\/types\/post"}],"author":[{"embeddable":true,"href":"https:\/\/www.ilmercoledi.news\/ilmercoledi\/news\/wp-json\/wp\/v2\/users\/11"}],"replies":[{"embeddable":true,"href":"https:\/\/www.ilmercoledi.news\/ilmercoledi\/news\/wp-json\/wp\/v2\/comments?post=58873"}],"version-history":[{"count":1,"href":"https:\/\/www.ilmercoledi.news\/ilmercoledi\/news\/wp-json\/wp\/v2\/posts\/58873\/revisions"}],"predecessor-version":[{"id":64417,"href":"https:\/\/www.ilmercoledi.news\/ilmercoledi\/news\/wp-json\/wp\/v2\/posts\/58873\/revisions\/64417"}],"wp:featuredmedia":[{"embeddable":true,"href":"https:\/\/www.ilmercoledi.news\/ilmercoledi\/news\/wp-json\/wp\/v2\/media\/10288"}],"wp:attachment":[{"href":"https:\/\/www.ilmercoledi.news\/ilmercoledi\/news\/wp-json\/wp\/v2\/media?parent=58873"}],"wp:term":[{"taxonomy":"category","embeddable":true,"href":"https:\/\/www.ilmercoledi.news\/ilmercoledi\/news\/wp-json\/wp\/v2\/categories?post=58873"},{"taxonomy":"post_tag","embeddable":true,"href":"https:\/\/www.ilmercoledi.news\/ilmercoledi\/news\/wp-json\/wp\/v2\/tags?post=58873"},{"taxonomy":"news-destination","embeddable":true,"href":"https:\/\/www.ilmercoledi.news\/ilmercoledi\/news\/wp-json\/wp\/v2\/news-destination?post=58873"},{"taxonomy":"news-source","embeddable":true,"href":"https:\/\/www.ilmercoledi.news\/ilmercoledi\/news\/wp-json\/wp\/v2\/news-source?post=58873"},{"taxonomy":"is_homepage","embeddable":true,"href":"https:\/\/www.ilmercoledi.news\/ilmercoledi\/news\/wp-json\/wp\/v2\/is_homepage?post=58873"},{"taxonomy":"ta_other","embeddable":true,"href":"https:\/\/www.ilmercoledi.news\/ilmercoledi\/news\/wp-json\/wp\/v2\/ta_other?post=58873"}],"curies":[{"name":"wp","href":"https:\/\/api.w.org\/{rel}","templated":true}]}}