{"id":58881,"date":"2024-02-19T07:30:44","date_gmt":"2024-02-19T06:30:44","guid":{"rendered":"https:\/\/euwps05.newsmemory.com\/ilmercoledi\/news\/?p=58881"},"modified":"2024-08-29T03:41:18","modified_gmt":"2023-11-03T03:41:18","slug":"carmagnola-completamente-riaperta-la-viabilita-di-via-de-gasperi","status":"publish","type":"post","link":"https:\/\/www.ilmercoledi.news\/2024\/02\/19\/carmagnola-completamente-riaperta-la-viabilita-di-via-de-gasperi\/","title":{"rendered":"CARMAGNOLA &#8211; Completamente riaperta la viabilit\u00e0 di Via De Gasperi"},"content":{"rendered":"<p>A Carmagnola \u00e8 stata completamente riaperta la viabilit\u00e0 di Via De Gasperi, adesso a senso unico nella direzione che va da via Chiffi a viale Barbaroux.<\/p>\n<p>Nell&#8217;ottobre del 2023 sono iniziati i lavori di un progetto di riqualificazione ambientale che si poneva l&#8217;obiettivo di trasformare via De Gasperi nel primo asse verde del centro urbano.<\/p>\n<p>Il progetto, finanziato attraverso i fondi del PNRR, sta trasformando la zona in un ambiente vivibile e accogliente, promuovendo l&#8217;interazione sociale e facendo parte di un piano pi\u00f9 ampio volto a ridisegnare Carmagnola con un approccio ecologico.<\/p>\n<p>Quest&#8217;iniziativa prevede la creazione di nuovi spazi verdi e percorsi per la mobilit\u00e0 dolce, il potenziamento delle vie pedonali e ciclabili, con particolare attenzione alle esigenze delle persone con disabilit\u00e0 e degli anziani.<\/p>\n<p>In particolare, l&#8217;intervento riguarda tre zone verdi: quella all&#8217;angolo con viale Barbaroux sar\u00e0 trasformata in un&#8217;area ludica e di incontro per bambini fino ai 13 anni; quella di fronte a via Monginevro ospiter\u00e0 nuove attrezzature sportive; la riqualificazione della zona vicino al centro d&#8217;incontro De Gasperi e alla bocciofila.<\/p>\n<p>&nbsp;<\/p>\n","protected":false},"excerpt":{"rendered":"","protected":false},"author":11,"featured_media":58880,"comment_status":"open","ping_status":"closed","sticky":false,"template":"","format":"standard","meta":[],"categories":[34],"tags":[],"news-destination":[],"news-source":[],"is_homepage":[581],"ta_other":[],"_links":{"self":[{"href":"https:\/\/www.ilmercoledi.news\/ilmercoledi\/news\/wp-json\/wp\/v2\/posts\/58881"}],"collection":[{"href":"https:\/\/www.ilmercoledi.news\/ilmercoledi\/news\/wp-json\/wp\/v2\/posts"}],"about":[{"href":"https:\/\/www.ilmercoledi.news\/ilmercoledi\/news\/wp-json\/wp\/v2\/types\/post"}],"author":[{"embeddable":true,"href":"https:\/\/www.ilmercoledi.news\/ilmercoledi\/news\/wp-json\/wp\/v2\/users\/11"}],"replies":[{"embeddable":true,"href":"https:\/\/www.ilmercoledi.news\/ilmercoledi\/news\/wp-json\/wp\/v2\/comments?post=58881"}],"version-history":[{"count":1,"href":"https:\/\/www.ilmercoledi.news\/ilmercoledi\/news\/wp-json\/wp\/v2\/posts\/58881\/revisions"}],"predecessor-version":[{"id":64254,"href":"https:\/\/www.ilmercoledi.news\/ilmercoledi\/news\/wp-json\/wp\/v2\/posts\/58881\/revisions\/64254"}],"wp:featuredmedia":[{"embeddable":true,"href":"https:\/\/www.ilmercoledi.news\/ilmercoledi\/news\/wp-json\/wp\/v2\/media\/58880"}],"wp:attachment":[{"href":"https:\/\/www.ilmercoledi.news\/ilmercoledi\/news\/wp-json\/wp\/v2\/media?parent=58881"}],"wp:term":[{"taxonomy":"category","embeddable":true,"href":"https:\/\/www.ilmercoledi.news\/ilmercoledi\/news\/wp-json\/wp\/v2\/categories?post=58881"},{"taxonomy":"post_tag","embeddable":true,"href":"https:\/\/www.ilmercoledi.news\/ilmercoledi\/news\/wp-json\/wp\/v2\/tags?post=58881"},{"taxonomy":"news-destination","embeddable":true,"href":"https:\/\/www.ilmercoledi.news\/ilmercoledi\/news\/wp-json\/wp\/v2\/news-destination?post=58881"},{"taxonomy":"news-source","embeddable":true,"href":"https:\/\/www.ilmercoledi.news\/ilmercoledi\/news\/wp-json\/wp\/v2\/news-source?post=58881"},{"taxonomy":"is_homepage","embeddable":true,"href":"https:\/\/www.ilmercoledi.news\/ilmercoledi\/news\/wp-json\/wp\/v2\/is_homepage?post=58881"},{"taxonomy":"ta_other","embeddable":true,"href":"https:\/\/www.ilmercoledi.news\/ilmercoledi\/news\/wp-json\/wp\/v2\/ta_other?post=58881"}],"curies":[{"name":"wp","href":"https:\/\/api.w.org\/{rel}","templated":true}]}}