{"id":59060,"date":"2024-02-28T07:16:30","date_gmt":"2024-02-28T06:16:30","guid":{"rendered":"https:\/\/euwps05.newsmemory.com\/ilmercoledi\/news\/?p=59060"},"modified":"2024-08-29T03:41:16","modified_gmt":"2023-11-03T03:41:16","slug":"nichelino-nuovo-allarme-occupazione-allazienda-delgrosso","status":"publish","type":"post","link":"https:\/\/www.ilmercoledi.news\/2024\/02\/28\/nichelino-nuovo-allarme-occupazione-allazienda-delgrosso\/","title":{"rendered":"NICHELINO &#8211; Nuovo allarme occupazione all&#8217;azienda Delgrosso"},"content":{"rendered":"<p>Nuovo allarme sull&#8217;azienda Delgrosso di Nichelino (indotto automotive), dopo che nei mesi scorsi gli operai avevano manifestato per ritardo degli stipendi e dubbi sul futuro di una realt\u00e0 che conta un centinaio di dipendenti. Venerd\u00ec andranno a esaurirsi i contratti di solidariet\u00e0 e il futuro non permette di dormire sonni tranquilli. Alcuni lavoratori hanno svuotato gli armadietti nella giornata di ieri.<\/p>\n","protected":false},"excerpt":{"rendered":"","protected":false},"author":11,"featured_media":59057,"comment_status":"open","ping_status":"closed","sticky":false,"template":"","format":"standard","meta":[],"categories":[34],"tags":[],"news-destination":[],"news-source":[],"is_homepage":[581],"ta_other":[],"_links":{"self":[{"href":"https:\/\/www.ilmercoledi.news\/ilmercoledi\/news\/wp-json\/wp\/v2\/posts\/59060"}],"collection":[{"href":"https:\/\/www.ilmercoledi.news\/ilmercoledi\/news\/wp-json\/wp\/v2\/posts"}],"about":[{"href":"https:\/\/www.ilmercoledi.news\/ilmercoledi\/news\/wp-json\/wp\/v2\/types\/post"}],"author":[{"embeddable":true,"href":"https:\/\/www.ilmercoledi.news\/ilmercoledi\/news\/wp-json\/wp\/v2\/users\/11"}],"replies":[{"embeddable":true,"href":"https:\/\/www.ilmercoledi.news\/ilmercoledi\/news\/wp-json\/wp\/v2\/comments?post=59060"}],"version-history":[{"count":1,"href":"https:\/\/www.ilmercoledi.news\/ilmercoledi\/news\/wp-json\/wp\/v2\/posts\/59060\/revisions"}],"predecessor-version":[{"id":64199,"href":"https:\/\/www.ilmercoledi.news\/ilmercoledi\/news\/wp-json\/wp\/v2\/posts\/59060\/revisions\/64199"}],"wp:featuredmedia":[{"embeddable":true,"href":"https:\/\/www.ilmercoledi.news\/ilmercoledi\/news\/wp-json\/wp\/v2\/media\/59057"}],"wp:attachment":[{"href":"https:\/\/www.ilmercoledi.news\/ilmercoledi\/news\/wp-json\/wp\/v2\/media?parent=59060"}],"wp:term":[{"taxonomy":"category","embeddable":true,"href":"https:\/\/www.ilmercoledi.news\/ilmercoledi\/news\/wp-json\/wp\/v2\/categories?post=59060"},{"taxonomy":"post_tag","embeddable":true,"href":"https:\/\/www.ilmercoledi.news\/ilmercoledi\/news\/wp-json\/wp\/v2\/tags?post=59060"},{"taxonomy":"news-destination","embeddable":true,"href":"https:\/\/www.ilmercoledi.news\/ilmercoledi\/news\/wp-json\/wp\/v2\/news-destination?post=59060"},{"taxonomy":"news-source","embeddable":true,"href":"https:\/\/www.ilmercoledi.news\/ilmercoledi\/news\/wp-json\/wp\/v2\/news-source?post=59060"},{"taxonomy":"is_homepage","embeddable":true,"href":"https:\/\/www.ilmercoledi.news\/ilmercoledi\/news\/wp-json\/wp\/v2\/is_homepage?post=59060"},{"taxonomy":"ta_other","embeddable":true,"href":"https:\/\/www.ilmercoledi.news\/ilmercoledi\/news\/wp-json\/wp\/v2\/ta_other?post=59060"}],"curies":[{"name":"wp","href":"https:\/\/api.w.org\/{rel}","templated":true}]}}