{"id":59064,"date":"2024-02-27T15:25:57","date_gmt":"2024-02-27T14:25:57","guid":{"rendered":"https:\/\/euwps06.newsmemory.com\/ilmercoledi\/news\/?p=59064"},"modified":"2024-08-29T03:41:16","modified_gmt":"2023-11-03T03:41:16","slug":"sanita-accordo-regione-sindacati-per-riduzione-liste-di-attesa","status":"publish","type":"post","link":"https:\/\/www.ilmercoledi.news\/2024\/02\/27\/sanita-accordo-regione-sindacati-per-riduzione-liste-di-attesa\/","title":{"rendered":"SANITA&#8217; &#8211; Accordo Regione-sindacati per riduzione liste di attesa"},"content":{"rendered":"<p><strong>Regione Piemonte, Cgil, Cisl e Uil\u00a0<\/strong>sottoscriveranno nei prossimi giorni\u00a0<strong>un accordo per l\u2019abbattimento delle liste d\u2019attesa in sanit\u00e0<\/strong>.<\/p>\n<p>Ne hanno dato notizia il presidente\u00a0<strong>Alberto Cirio<\/strong>\u00a0e l\u2019assessore alla Sanit\u00e0\u00a0<strong>Luigi Genesio Icardi<\/strong>\u00a0al termine di un incontro svoltosi nel Grattacielo Piemonte tra il presidente e le organizzazioni sindacali.<\/p>\n<p>\u201cIn questi anni abbiamo lavorato sull\u2019aumento della produttivit\u00e0 del sistema sanitario per recuperare esami e visite che si erano accumulati negli anni del Covid. Abbiamo smaltito l\u2019arretrato per quanto riguarda le prestazioni pi\u00f9 urgenti U, B e D, come certificato anche dalla Corte dei Conti, e ora concentriamo i nostri sforzi sulle visite di controllo e programmabili\u201d, puntualizza il presidente Cirio, precisando che \u201cil percorso che abbiamo condiviso con le organizzazioni sindacali, che sar\u00e0 al centro di un accordo da siglare nei prossimi giorni, ci consentir\u00e0 quest\u2019anno di\u00a0<strong>incrementare del 20 per cento la produzione delle prestazioni P<\/strong>&#8220;.<\/p>\n<p>\u201cL\u2019impegno per l\u2019abbattimento delle liste di attesa &#8211; osserva Icardi &#8211; \u00e8 una priorit\u00e0 assoluta per la Sanit\u00e0 regionale, uno sforzo che ha gi\u00e0 prodotto notevoli risultati grazie alla collaborazione con le aziende sanitarie, gli erogatori privati, i medici di medicina generale, le associazioni dei pazienti e alle risorse che la Regione ha investito per l\u2019assunzione del personale e per l\u2019ammodernamento e l\u2019adeguamento tecnologico delle strutture e delle apparecchiature sanitarie. Sul piano del metodo, abbiamo ritenuto fondamentale condividere gli obiettivi con le organizzazioni sindacali\u201d.<\/p>\n<p>Durante la riunione \u00e8 stato illustrato il\u00a0<strong>piano di lavoro sulle liste d\u2019attesa<\/strong>, finanziato con i 25 milioni di euro di risorse nazionali e gli altri 25 milioni individuati nel bilancio regionale per abbattere i tempi delle prestazioni P, in fase di ultimazione da parte del neodirettore di Azienda Zero Adriano Leli in collaborazione con il direttore della Sanit\u00e0 regionale Antonino Sottile e il consulente strategico Pietro Presti. Il piano, che prossimamente sar\u00e0 presentato nel dettaglio, sar\u00e0 uno dei punti dell\u2019accordo Regione-sindacati: prevede che esami e prestazioni per i pazienti cronici (circa il 60 per cento delle attuali prescrizioni di classe P) siano esclusi dal Cup e gestiti con percorsi di presa in carico all\u2019interno di ospedali e ambulatori. Percorsi specifici saranno individuati anche per la diagnosi di sospetta patologia tumorale e saranno previste anche giornate dedicate per prestazioni che saranno individuate sulla base dei fabbisogni. A tutto ci\u00f2 si aggiungono le misure di potenziamento del personale, previste dall\u2019accordo raggiunto all\u2019interno dell\u2019Osservatorio per il personale medico e del comparto, che prevede 2.000 nuove assunzioni entro la fine dell\u2019anno e del quale sar\u00e0 comunicato l\u2019aggiornamento in occasione della riunione dell\u2019Osservatorio gi\u00e0 convocata per il 5 marzo.<\/p>\n<p>Per incrementare la produttivit\u00e0 \u00e8 previsto in Asl e Aso l\u2019inserimento di medici specializzandi con una formula di incentivazioni per le specialit\u00e0 meno ambite e per le destinazioni pi\u00f9 disagiate. Si lavora anche sul coinvolgimento degli specialisti ambulatoriali per smaltire l\u2019arretrato di visite e prestazioni. Regione e sindacati hanno condiviso che l\u2019incremento di prestazioni P sia monitorato e conteggiato periodicamente con il tracciamento delle prestazioni erogate e dei contatti. Questo particolare aspetto, su richiesta dei sindacati, sar\u00e0 inserito nella gara d\u2019appalto per il nuovo gestore del Cup, il cui attuale contratto \u00e8 in scadenza a ottobre, oltre alla gestione centralizzata di tutte le agende del pubblico e del privato accreditato, la presa in carico attiva delle ricette e il raddoppio della capacit\u00e0 di risposta del centralino.<\/p>\n<p>Durante l\u2019incontro \u00e8 stata anche concordata l\u2019approvazione in tempi rapidi da parte del Consiglio regionale del\u00a0<strong>Piano per la sicurezza sul lavoro<\/strong>, gi\u00e0 approvato dalla Giunta e frutto del lavoro del tavolo che ha riunito Regione e organizzazioni sindacali.<\/p>\n","protected":false},"excerpt":{"rendered":"","protected":false},"author":11,"featured_media":11884,"comment_status":"open","ping_status":"closed","sticky":false,"template":"","format":"standard","meta":[],"categories":[34],"tags":[],"news-destination":[],"news-source":[],"is_homepage":[581],"ta_other":[],"_links":{"self":[{"href":"https:\/\/www.ilmercoledi.news\/ilmercoledi\/news\/wp-json\/wp\/v2\/posts\/59064"}],"collection":[{"href":"https:\/\/www.ilmercoledi.news\/ilmercoledi\/news\/wp-json\/wp\/v2\/posts"}],"about":[{"href":"https:\/\/www.ilmercoledi.news\/ilmercoledi\/news\/wp-json\/wp\/v2\/types\/post"}],"author":[{"embeddable":true,"href":"https:\/\/www.ilmercoledi.news\/ilmercoledi\/news\/wp-json\/wp\/v2\/users\/11"}],"replies":[{"embeddable":true,"href":"https:\/\/www.ilmercoledi.news\/ilmercoledi\/news\/wp-json\/wp\/v2\/comments?post=59064"}],"version-history":[{"count":1,"href":"https:\/\/www.ilmercoledi.news\/ilmercoledi\/news\/wp-json\/wp\/v2\/posts\/59064\/revisions"}],"predecessor-version":[{"id":64208,"href":"https:\/\/www.ilmercoledi.news\/ilmercoledi\/news\/wp-json\/wp\/v2\/posts\/59064\/revisions\/64208"}],"wp:featuredmedia":[{"embeddable":true,"href":"https:\/\/www.ilmercoledi.news\/ilmercoledi\/news\/wp-json\/wp\/v2\/media\/11884"}],"wp:attachment":[{"href":"https:\/\/www.ilmercoledi.news\/ilmercoledi\/news\/wp-json\/wp\/v2\/media?parent=59064"}],"wp:term":[{"taxonomy":"category","embeddable":true,"href":"https:\/\/www.ilmercoledi.news\/ilmercoledi\/news\/wp-json\/wp\/v2\/categories?post=59064"},{"taxonomy":"post_tag","embeddable":true,"href":"https:\/\/www.ilmercoledi.news\/ilmercoledi\/news\/wp-json\/wp\/v2\/tags?post=59064"},{"taxonomy":"news-destination","embeddable":true,"href":"https:\/\/www.ilmercoledi.news\/ilmercoledi\/news\/wp-json\/wp\/v2\/news-destination?post=59064"},{"taxonomy":"news-source","embeddable":true,"href":"https:\/\/www.ilmercoledi.news\/ilmercoledi\/news\/wp-json\/wp\/v2\/news-source?post=59064"},{"taxonomy":"is_homepage","embeddable":true,"href":"https:\/\/www.ilmercoledi.news\/ilmercoledi\/news\/wp-json\/wp\/v2\/is_homepage?post=59064"},{"taxonomy":"ta_other","embeddable":true,"href":"https:\/\/www.ilmercoledi.news\/ilmercoledi\/news\/wp-json\/wp\/v2\/ta_other?post=59064"}],"curies":[{"name":"wp","href":"https:\/\/api.w.org\/{rel}","templated":true}]}}