{"id":59088,"date":"2024-02-28T14:21:20","date_gmt":"2024-02-28T13:21:20","guid":{"rendered":"https:\/\/euwps06.newsmemory.com\/ilmercoledi\/news\/?p=59088"},"modified":"2024-08-29T03:41:16","modified_gmt":"2023-11-03T03:41:16","slug":"nichelino-sul-rischio-chiusura-della-delgrosso-intervengono-le-istituzioni","status":"publish","type":"post","link":"https:\/\/www.ilmercoledi.news\/2024\/02\/28\/nichelino-sul-rischio-chiusura-della-delgrosso-intervengono-le-istituzioni\/","title":{"rendered":"NICHELINO &#8211; Sul rischio chiusura della Delgrosso intervengono le istituzioni"},"content":{"rendered":"<p>\u201cLa notizia del rischio di fallimento della societ\u00e0 specializzata in filtri aria e motore Delgrosso rappresenta l\u2019ennesima emergenza economica, l\u2019ennesimo rischio licenziamento per 108 operai, l\u2019ennesima grave difficolt\u00e0 per tante famiglie. La Delgrosso \u00e8 una ditta storica che, nel recente passato, aveva per\u00f2 gi\u00e0 mostrato problemi e mandato segnali di difficolt\u00e0 con un rallentamento del pagamento degli stipendi\u201d. Sono le parole del Consigliere regionale del Partito Democratico Diego Sarno, a seguito della concreta possibilit\u00e0 che il sito di NIchelino chiuda con presentazione dell&#8217;istanza di liquidazione.<\/p>\n<p>\u201cMarted\u00ec prossimo, in apertura della seduta del Consiglio regionale \u2013 prosegue\u00a0l\u2019esponente dem\u00a0\u2013 chiederemo l\u2019audizione dei sindacati e dei lavoratori della Delgrosso, durante la pausa dei lavori, per un confronto con i Consiglieri e con l\u2019Assessora al Lavoro\u201d.<\/p>\n<p>\u201cL\u2019Amministrazione comunale conosceva la situazione della Delgrosso \u2013 interviene il\u00a0Sindaco di Nichelino Giampiero Tolardo\u00a0\u2013 e avevamo interloquito sia con l\u2019azienda che con i sindacati. Auspicavamo che questa notizia non arrivasse. Domani si terr\u00e0 la seduta del Consiglio comunale a Nichelino e, stravolgendo l\u2019attuale ordine dei lavori, si terr\u00e0 un\u2019informativa alla presenza di sindacati e lavoratori\u201d.<\/p>\n<p>\u201cQueste crisi \u2013 afferma\u00a0Sarno\u00a0\u2013 continuano a verificarsi sul nostro territorio per motivi differenti. Notiamo, con grande onest\u00e0, che questa Giunta, oltre agli strumenti previsti per legge, nazionale e, quindi, regionale, non ha mai svolto un ruolo di programmazione strategica, di prevenzione, di vero accompagnamento, anche cercando di individuare le cause con anticipo. Sarebbe stato opportuno avere una visione di lungo periodo. Crediamo che sia stato questo il grande errore dell\u2019Assessorato al Lavoro perch\u00e9 la situazione delle diverse emergenze arrivate sul tavolo del centrodestra fin dal primo giorno della legislatura, a cominciare da quella di Embraco, per continuare con quella della Mahle di Saluzzo e di La Loggia, avrebbe richiesto uno studio e un piano per trovare delle soluzioni concrete\u201d.<\/p>\n<p>\u201cInfine \u2013 conclude\u00a0Diego Sarno\u00a0\u2013 proprio di fronte all\u2019esplosione di crisi di aziende legate alla filiera dell\u2019automotive ci saremmo aspettati che la Regione prendesse una posizione chiara nei confronti di Stellantis, richiamando il gruppo alle sue responsabilit\u00e0 sociali. Invece \u00e8 rimasta e continua a rimanere spettatrice immobile di questo dramma\u201d.<\/p>\n<p>&nbsp;<\/p>\n","protected":false},"excerpt":{"rendered":"","protected":false},"author":11,"featured_media":59087,"comment_status":"open","ping_status":"closed","sticky":false,"template":"","format":"standard","meta":[],"categories":[34],"tags":[],"news-destination":[],"news-source":[],"is_homepage":[581],"ta_other":[],"_links":{"self":[{"href":"https:\/\/www.ilmercoledi.news\/ilmercoledi\/news\/wp-json\/wp\/v2\/posts\/59088"}],"collection":[{"href":"https:\/\/www.ilmercoledi.news\/ilmercoledi\/news\/wp-json\/wp\/v2\/posts"}],"about":[{"href":"https:\/\/www.ilmercoledi.news\/ilmercoledi\/news\/wp-json\/wp\/v2\/types\/post"}],"author":[{"embeddable":true,"href":"https:\/\/www.ilmercoledi.news\/ilmercoledi\/news\/wp-json\/wp\/v2\/users\/11"}],"replies":[{"embeddable":true,"href":"https:\/\/www.ilmercoledi.news\/ilmercoledi\/news\/wp-json\/wp\/v2\/comments?post=59088"}],"version-history":[{"count":1,"href":"https:\/\/www.ilmercoledi.news\/ilmercoledi\/news\/wp-json\/wp\/v2\/posts\/59088\/revisions"}],"predecessor-version":[{"id":64225,"href":"https:\/\/www.ilmercoledi.news\/ilmercoledi\/news\/wp-json\/wp\/v2\/posts\/59088\/revisions\/64225"}],"wp:featuredmedia":[{"embeddable":true,"href":"https:\/\/www.ilmercoledi.news\/ilmercoledi\/news\/wp-json\/wp\/v2\/media\/59087"}],"wp:attachment":[{"href":"https:\/\/www.ilmercoledi.news\/ilmercoledi\/news\/wp-json\/wp\/v2\/media?parent=59088"}],"wp:term":[{"taxonomy":"category","embeddable":true,"href":"https:\/\/www.ilmercoledi.news\/ilmercoledi\/news\/wp-json\/wp\/v2\/categories?post=59088"},{"taxonomy":"post_tag","embeddable":true,"href":"https:\/\/www.ilmercoledi.news\/ilmercoledi\/news\/wp-json\/wp\/v2\/tags?post=59088"},{"taxonomy":"news-destination","embeddable":true,"href":"https:\/\/www.ilmercoledi.news\/ilmercoledi\/news\/wp-json\/wp\/v2\/news-destination?post=59088"},{"taxonomy":"news-source","embeddable":true,"href":"https:\/\/www.ilmercoledi.news\/ilmercoledi\/news\/wp-json\/wp\/v2\/news-source?post=59088"},{"taxonomy":"is_homepage","embeddable":true,"href":"https:\/\/www.ilmercoledi.news\/ilmercoledi\/news\/wp-json\/wp\/v2\/is_homepage?post=59088"},{"taxonomy":"ta_other","embeddable":true,"href":"https:\/\/www.ilmercoledi.news\/ilmercoledi\/news\/wp-json\/wp\/v2\/ta_other?post=59088"}],"curies":[{"name":"wp","href":"https:\/\/api.w.org\/{rel}","templated":true}]}}