{"id":59130,"date":"2024-03-04T07:09:14","date_gmt":"2024-03-04T06:09:14","guid":{"rendered":"https:\/\/euwps05.newsmemory.com\/ilmercoledi\/news\/?p=59130"},"modified":"2024-08-29T03:41:10","modified_gmt":"2023-11-03T03:41:10","slug":"nichelino-muro-di-un-fabbricato-rischia-il-crollo-chiusa-parte-di-via-moncenisio","status":"publish","type":"post","link":"https:\/\/www.ilmercoledi.news\/2024\/03\/04\/nichelino-muro-di-un-fabbricato-rischia-il-crollo-chiusa-parte-di-via-moncenisio\/","title":{"rendered":"NICHELINO &#8211; Muro di un fabbricato rischia il crollo: chiusa parte di via Moncenisio"},"content":{"rendered":"<p>Rischia il crollo il muro esterno di un edificio abbandonato in via Moncenisio a Nichelino. Pochi giorni fa i vigili del fuoco avevano effettuato un sopralluogo, chiamati da un cittadino che camminando lungo la strada si \u00e8 accorto che il muro non era perfettamente in asse. Cos\u00ec la zona \u00e8 stata resa off limits per ragioni di sicurezza attraverso un&#8217;ordinanza del sindaco Tolardo, che impone anche alla propriet\u00e0 la messa in sicurezza.<\/p>\n","protected":false},"excerpt":{"rendered":"","protected":false},"author":11,"featured_media":59129,"comment_status":"open","ping_status":"closed","sticky":false,"template":"","format":"standard","meta":[],"categories":[34],"tags":[],"news-destination":[],"news-source":[],"is_homepage":[581],"ta_other":[],"_links":{"self":[{"href":"https:\/\/www.ilmercoledi.news\/ilmercoledi\/news\/wp-json\/wp\/v2\/posts\/59130"}],"collection":[{"href":"https:\/\/www.ilmercoledi.news\/ilmercoledi\/news\/wp-json\/wp\/v2\/posts"}],"about":[{"href":"https:\/\/www.ilmercoledi.news\/ilmercoledi\/news\/wp-json\/wp\/v2\/types\/post"}],"author":[{"embeddable":true,"href":"https:\/\/www.ilmercoledi.news\/ilmercoledi\/news\/wp-json\/wp\/v2\/users\/11"}],"replies":[{"embeddable":true,"href":"https:\/\/www.ilmercoledi.news\/ilmercoledi\/news\/wp-json\/wp\/v2\/comments?post=59130"}],"version-history":[{"count":1,"href":"https:\/\/www.ilmercoledi.news\/ilmercoledi\/news\/wp-json\/wp\/v2\/posts\/59130\/revisions"}],"predecessor-version":[{"id":64137,"href":"https:\/\/www.ilmercoledi.news\/ilmercoledi\/news\/wp-json\/wp\/v2\/posts\/59130\/revisions\/64137"}],"wp:featuredmedia":[{"embeddable":true,"href":"https:\/\/www.ilmercoledi.news\/ilmercoledi\/news\/wp-json\/wp\/v2\/media\/59129"}],"wp:attachment":[{"href":"https:\/\/www.ilmercoledi.news\/ilmercoledi\/news\/wp-json\/wp\/v2\/media?parent=59130"}],"wp:term":[{"taxonomy":"category","embeddable":true,"href":"https:\/\/www.ilmercoledi.news\/ilmercoledi\/news\/wp-json\/wp\/v2\/categories?post=59130"},{"taxonomy":"post_tag","embeddable":true,"href":"https:\/\/www.ilmercoledi.news\/ilmercoledi\/news\/wp-json\/wp\/v2\/tags?post=59130"},{"taxonomy":"news-destination","embeddable":true,"href":"https:\/\/www.ilmercoledi.news\/ilmercoledi\/news\/wp-json\/wp\/v2\/news-destination?post=59130"},{"taxonomy":"news-source","embeddable":true,"href":"https:\/\/www.ilmercoledi.news\/ilmercoledi\/news\/wp-json\/wp\/v2\/news-source?post=59130"},{"taxonomy":"is_homepage","embeddable":true,"href":"https:\/\/www.ilmercoledi.news\/ilmercoledi\/news\/wp-json\/wp\/v2\/is_homepage?post=59130"},{"taxonomy":"ta_other","embeddable":true,"href":"https:\/\/www.ilmercoledi.news\/ilmercoledi\/news\/wp-json\/wp\/v2\/ta_other?post=59130"}],"curies":[{"name":"wp","href":"https:\/\/api.w.org\/{rel}","templated":true}]}}