{"id":59168,"date":"2024-03-05T06:37:33","date_gmt":"2024-03-05T05:37:33","guid":{"rendered":"https:\/\/euwps06.newsmemory.com\/ilmercoledi\/news\/?p=59168"},"modified":"2024-08-29T03:41:10","modified_gmt":"2023-11-03T03:41:10","slug":"santena-fino-al-15-marzo-aperte-le-iscrizioni-per-percorsi-di-salute-terza-eta","status":"publish","type":"post","link":"https:\/\/www.ilmercoledi.news\/2024\/03\/05\/santena-fino-al-15-marzo-aperte-le-iscrizioni-per-percorsi-di-salute-terza-eta\/","title":{"rendered":"SANTENA &#8211; Fino al 15 marzo aperte le iscrizioni per &#8216;Percorsi di salute in terza et\u00e0&#8217;"},"content":{"rendered":"<p>Fino al 15 marzo \u00e8 possibile fare domanda per partecipare al progetto rivolto alle persone con pi\u00f9 di 65 anni residenti \u201cPercorsi di salute in terza et\u00e0, organizzato dal Comune di Santena. Le attivit\u00e0 previste dal progetto sono:<\/p>\n<p>1. Corsi di ginnastica dolce della durata di 9 mesi, le lezioni saranno bisettimanali e gratuite per tutti i partecipanti;<\/p>\n<p>2. Incontri formativi gratuiti della durata di due ore tenuti da personale adeguatamente formato. Gli argomenti riguarderanno aspetti legati alla salute in terza et\u00e0 quali (a titolo esemplificativo) le caratteristiche dell\u2019invecchiamento, la dieta corretta per un\u2019elevata aspettativa di vita, la sessualit\u00e0 in terza et\u00e0, l\u2019importanza della palestra cognitiva e della socializzazione. Saranno prese in considerazione anche tematiche proposte dai partecipanti, in base alle disponibilit\u00e0 dei docenti;<\/p>\n<p>3. Soggiorno presso un centro termale della durata di 10 giorni durante il periodo primaverile. In base all\u2019Isee potr\u00e0 essere richiesta una compartecipazione dei costi ai partecipanti. Il soggiorno termale \u00e8 aperto anche alle persone non autosufficienti, con accompagnatore. Quest\u2019ultimo \u00e8 tenuto al pagamento del viaggio. I destinatari sono persone residenti con pi\u00f9 di 65 anni, autosufficienti. Tutti coloro con queste caratteristiche anagrafiche possono fare domanda, tuttavia sar\u00e0 data priorit\u00e0 a:<\/p>\n<p>&#8211; Famiglie monoparentali (anziani soli);<\/p>\n<p>&#8211; Richiedenti con Isee uguale o inferiore a \u20ac 8.500,00;<\/p>\n<p>&#8211; Richiedenti che nell\u2019ultimo anno non hanno frequentato corsi di ginnastica e\/o attivit\u00e0 fisica;<\/p>\n<p>&#8211; Richiedenti con certificazione medica comprovante la presenza di patologie che possano<\/p>\n<p>trarre beneficio dal soggiorno termale.<\/p>\n","protected":false},"excerpt":{"rendered":"","protected":false},"author":11,"featured_media":22440,"comment_status":"open","ping_status":"closed","sticky":false,"template":"","format":"standard","meta":[],"categories":[34],"tags":[],"news-destination":[],"news-source":[],"is_homepage":[581],"ta_other":[],"_links":{"self":[{"href":"https:\/\/www.ilmercoledi.news\/ilmercoledi\/news\/wp-json\/wp\/v2\/posts\/59168"}],"collection":[{"href":"https:\/\/www.ilmercoledi.news\/ilmercoledi\/news\/wp-json\/wp\/v2\/posts"}],"about":[{"href":"https:\/\/www.ilmercoledi.news\/ilmercoledi\/news\/wp-json\/wp\/v2\/types\/post"}],"author":[{"embeddable":true,"href":"https:\/\/www.ilmercoledi.news\/ilmercoledi\/news\/wp-json\/wp\/v2\/users\/11"}],"replies":[{"embeddable":true,"href":"https:\/\/www.ilmercoledi.news\/ilmercoledi\/news\/wp-json\/wp\/v2\/comments?post=59168"}],"version-history":[{"count":1,"href":"https:\/\/www.ilmercoledi.news\/ilmercoledi\/news\/wp-json\/wp\/v2\/posts\/59168\/revisions"}],"predecessor-version":[{"id":64173,"href":"https:\/\/www.ilmercoledi.news\/ilmercoledi\/news\/wp-json\/wp\/v2\/posts\/59168\/revisions\/64173"}],"wp:featuredmedia":[{"embeddable":true,"href":"https:\/\/www.ilmercoledi.news\/ilmercoledi\/news\/wp-json\/wp\/v2\/media\/22440"}],"wp:attachment":[{"href":"https:\/\/www.ilmercoledi.news\/ilmercoledi\/news\/wp-json\/wp\/v2\/media?parent=59168"}],"wp:term":[{"taxonomy":"category","embeddable":true,"href":"https:\/\/www.ilmercoledi.news\/ilmercoledi\/news\/wp-json\/wp\/v2\/categories?post=59168"},{"taxonomy":"post_tag","embeddable":true,"href":"https:\/\/www.ilmercoledi.news\/ilmercoledi\/news\/wp-json\/wp\/v2\/tags?post=59168"},{"taxonomy":"news-destination","embeddable":true,"href":"https:\/\/www.ilmercoledi.news\/ilmercoledi\/news\/wp-json\/wp\/v2\/news-destination?post=59168"},{"taxonomy":"news-source","embeddable":true,"href":"https:\/\/www.ilmercoledi.news\/ilmercoledi\/news\/wp-json\/wp\/v2\/news-source?post=59168"},{"taxonomy":"is_homepage","embeddable":true,"href":"https:\/\/www.ilmercoledi.news\/ilmercoledi\/news\/wp-json\/wp\/v2\/is_homepage?post=59168"},{"taxonomy":"ta_other","embeddable":true,"href":"https:\/\/www.ilmercoledi.news\/ilmercoledi\/news\/wp-json\/wp\/v2\/ta_other?post=59168"}],"curies":[{"name":"wp","href":"https:\/\/api.w.org\/{rel}","templated":true}]}}