{"id":59181,"date":"2024-03-05T14:06:24","date_gmt":"2024-03-05T13:06:24","guid":{"rendered":"https:\/\/euwps06.newsmemory.com\/ilmercoledi\/news\/?p=59181"},"modified":"2024-08-29T03:41:10","modified_gmt":"2023-11-03T03:41:10","slug":"asl-5-per-la-giornata-del-rene-il-personale-sanitario-della-struttura-al-centro-commerciale-il-gialdo-di-chieri","status":"publish","type":"post","link":"https:\/\/www.ilmercoledi.news\/2024\/03\/05\/asl-5-per-la-giornata-del-rene-il-personale-sanitario-della-struttura-al-centro-commerciale-il-gialdo-di-chieri\/","title":{"rendered":"ASL TO 5 &#8211; Per la giornata del rene il personale sanitario della struttura al centro commerciale \u201cIl Gialdo\u201d di Chieri"},"content":{"rendered":"<p>Il 7-10% della popolazione \u00e8 affetta da qualche forma di malattia renale, ma solo una piccola quota ne \u00e8 consapevole.<\/p>\n<p>I disturbi legati al malfunzionamento dei reni vengono spesso percepiti solo nelle forme pi\u00f9 gravi, quando ormai il danno \u00e8 irreversibile. Patologie pi\u00f9 note nella popolazione (ad es. diabete mellito, ipertensione arteriosa) possono provocare danni renali e risulta fondamentale il loro controllo e prevenzione. In particolare \u00e8 necessaria una correzione degli stili di vita (stop al fumo, alimentazione povera di sali e grassi, regolare attivit\u00e0 fisica, adeguato apporto idrico) e la precoce scoperta di queste malattie tramite l&#8217;esecuzione di semplici misurazioni o esami del sangue e delle urine.<\/p>\n<p>In occasione della ricorrenza della Giornata Mondiale del Rene, celebrata in tutto il mondo e promossa in Italia dalla Societ\u00e0 Italiana di Nefrologia (SIN) e dalla Fondazione Italiana del Rene (FIR), il personale sanitario della struttura di Nefrologia e Dialisi dell\u2019ASL TO5 sar\u00e0 a disposizione dei cittadini presso il centro commerciale \u201cIl Gialdo\u201d di Chieri.<\/p>\n<p>In particolare, nella giornata del 14 marzo 2024 dalle ore 8:30 alle ore 17:00, verr\u00e0 allestita una postazione interna presso l&#8217;area di accesso dell&#8217;ipermercato, per effettuare colloqui individuali, rilevazione della pressione arteriosa e la distribuzione di indicazioni sui corretti stili di vita.<\/p>\n","protected":false},"excerpt":{"rendered":"","protected":false},"author":11,"featured_media":20850,"comment_status":"open","ping_status":"closed","sticky":false,"template":"","format":"standard","meta":[],"categories":[34],"tags":[],"news-destination":[],"news-source":[],"is_homepage":[581],"ta_other":[],"_links":{"self":[{"href":"https:\/\/www.ilmercoledi.news\/ilmercoledi\/news\/wp-json\/wp\/v2\/posts\/59181"}],"collection":[{"href":"https:\/\/www.ilmercoledi.news\/ilmercoledi\/news\/wp-json\/wp\/v2\/posts"}],"about":[{"href":"https:\/\/www.ilmercoledi.news\/ilmercoledi\/news\/wp-json\/wp\/v2\/types\/post"}],"author":[{"embeddable":true,"href":"https:\/\/www.ilmercoledi.news\/ilmercoledi\/news\/wp-json\/wp\/v2\/users\/11"}],"replies":[{"embeddable":true,"href":"https:\/\/www.ilmercoledi.news\/ilmercoledi\/news\/wp-json\/wp\/v2\/comments?post=59181"}],"version-history":[{"count":1,"href":"https:\/\/www.ilmercoledi.news\/ilmercoledi\/news\/wp-json\/wp\/v2\/posts\/59181\/revisions"}],"predecessor-version":[{"id":64183,"href":"https:\/\/www.ilmercoledi.news\/ilmercoledi\/news\/wp-json\/wp\/v2\/posts\/59181\/revisions\/64183"}],"wp:featuredmedia":[{"embeddable":true,"href":"https:\/\/www.ilmercoledi.news\/ilmercoledi\/news\/wp-json\/wp\/v2\/media\/20850"}],"wp:attachment":[{"href":"https:\/\/www.ilmercoledi.news\/ilmercoledi\/news\/wp-json\/wp\/v2\/media?parent=59181"}],"wp:term":[{"taxonomy":"category","embeddable":true,"href":"https:\/\/www.ilmercoledi.news\/ilmercoledi\/news\/wp-json\/wp\/v2\/categories?post=59181"},{"taxonomy":"post_tag","embeddable":true,"href":"https:\/\/www.ilmercoledi.news\/ilmercoledi\/news\/wp-json\/wp\/v2\/tags?post=59181"},{"taxonomy":"news-destination","embeddable":true,"href":"https:\/\/www.ilmercoledi.news\/ilmercoledi\/news\/wp-json\/wp\/v2\/news-destination?post=59181"},{"taxonomy":"news-source","embeddable":true,"href":"https:\/\/www.ilmercoledi.news\/ilmercoledi\/news\/wp-json\/wp\/v2\/news-source?post=59181"},{"taxonomy":"is_homepage","embeddable":true,"href":"https:\/\/www.ilmercoledi.news\/ilmercoledi\/news\/wp-json\/wp\/v2\/is_homepage?post=59181"},{"taxonomy":"ta_other","embeddable":true,"href":"https:\/\/www.ilmercoledi.news\/ilmercoledi\/news\/wp-json\/wp\/v2\/ta_other?post=59181"}],"curies":[{"name":"wp","href":"https:\/\/api.w.org\/{rel}","templated":true}]}}