{"id":59200,"date":"2024-03-06T06:52:22","date_gmt":"2024-03-06T05:52:22","guid":{"rendered":"https:\/\/euwps06.newsmemory.com\/ilmercoledi\/news\/?p=59200"},"modified":"2024-08-29T03:41:09","modified_gmt":"2023-11-03T03:41:09","slug":"moncalieri-incidente-sopraelevata-ribaltata-una-macchina-due-feriti","status":"publish","type":"post","link":"https:\/\/www.ilmercoledi.news\/2024\/03\/06\/moncalieri-incidente-sopraelevata-ribaltata-una-macchina-due-feriti\/","title":{"rendered":"MONCALIERI &#8211; Incidente in sopraelevata: ribaltata una macchina, due feriti"},"content":{"rendered":"<p>Incidente ieri pomeriggio a causa della forte pioggia e grandine all\u2019interno dello svincolo San Paolo, sopraelevata di Moncalieri. Due i veicoli coinvolti, uno dei quali nella carambola si \u00e8 ribaltato. Il bilancio \u00e8 di due feriti finiti in codice verde al Cto. Non ci sono stati granch\u00e9 disagi alla circolazione, se non per le condizioni meteo che hanno rallentato e non poco il traffico.<\/p>\n","protected":false},"excerpt":{"rendered":"","protected":false},"author":11,"featured_media":1125,"comment_status":"open","ping_status":"closed","sticky":false,"template":"","format":"standard","meta":[],"categories":[34],"tags":[],"news-destination":[],"news-source":[],"is_homepage":[581],"ta_other":[],"_links":{"self":[{"href":"https:\/\/www.ilmercoledi.news\/ilmercoledi\/news\/wp-json\/wp\/v2\/posts\/59200"}],"collection":[{"href":"https:\/\/www.ilmercoledi.news\/ilmercoledi\/news\/wp-json\/wp\/v2\/posts"}],"about":[{"href":"https:\/\/www.ilmercoledi.news\/ilmercoledi\/news\/wp-json\/wp\/v2\/types\/post"}],"author":[{"embeddable":true,"href":"https:\/\/www.ilmercoledi.news\/ilmercoledi\/news\/wp-json\/wp\/v2\/users\/11"}],"replies":[{"embeddable":true,"href":"https:\/\/www.ilmercoledi.news\/ilmercoledi\/news\/wp-json\/wp\/v2\/comments?post=59200"}],"version-history":[{"count":1,"href":"https:\/\/www.ilmercoledi.news\/ilmercoledi\/news\/wp-json\/wp\/v2\/posts\/59200\/revisions"}],"predecessor-version":[{"id":64115,"href":"https:\/\/www.ilmercoledi.news\/ilmercoledi\/news\/wp-json\/wp\/v2\/posts\/59200\/revisions\/64115"}],"wp:featuredmedia":[{"embeddable":true,"href":"https:\/\/www.ilmercoledi.news\/ilmercoledi\/news\/wp-json\/wp\/v2\/media\/1125"}],"wp:attachment":[{"href":"https:\/\/www.ilmercoledi.news\/ilmercoledi\/news\/wp-json\/wp\/v2\/media?parent=59200"}],"wp:term":[{"taxonomy":"category","embeddable":true,"href":"https:\/\/www.ilmercoledi.news\/ilmercoledi\/news\/wp-json\/wp\/v2\/categories?post=59200"},{"taxonomy":"post_tag","embeddable":true,"href":"https:\/\/www.ilmercoledi.news\/ilmercoledi\/news\/wp-json\/wp\/v2\/tags?post=59200"},{"taxonomy":"news-destination","embeddable":true,"href":"https:\/\/www.ilmercoledi.news\/ilmercoledi\/news\/wp-json\/wp\/v2\/news-destination?post=59200"},{"taxonomy":"news-source","embeddable":true,"href":"https:\/\/www.ilmercoledi.news\/ilmercoledi\/news\/wp-json\/wp\/v2\/news-source?post=59200"},{"taxonomy":"is_homepage","embeddable":true,"href":"https:\/\/www.ilmercoledi.news\/ilmercoledi\/news\/wp-json\/wp\/v2\/is_homepage?post=59200"},{"taxonomy":"ta_other","embeddable":true,"href":"https:\/\/www.ilmercoledi.news\/ilmercoledi\/news\/wp-json\/wp\/v2\/ta_other?post=59200"}],"curies":[{"name":"wp","href":"https:\/\/api.w.org\/{rel}","templated":true}]}}