{"id":59219,"date":"2024-03-07T07:29:21","date_gmt":"2024-03-07T06:29:21","guid":{"rendered":"https:\/\/euwps05.newsmemory.com\/ilmercoledi\/news\/?p=59219"},"modified":"2024-08-29T03:41:08","modified_gmt":"2023-11-03T03:41:08","slug":"pecetto-avviso-pubblico-per-la-concessione-dello-spazio-multifunzionale-sul-piazzale-delle-ciliegie","status":"publish","type":"post","link":"https:\/\/www.ilmercoledi.news\/2024\/03\/07\/pecetto-avviso-pubblico-per-la-concessione-dello-spazio-multifunzionale-sul-piazzale-delle-ciliegie\/","title":{"rendered":"PECETTO &#8211; Avviso pubblico per la concessione dello spazio multifunzionale sul piazzale delle Ciliegie"},"content":{"rendered":"<p>L&#8217;Amministrazione Comunale di Pecetto invita i soggetti interessati a presentare una proposta progettuale, che tenga conto delle linee guida definite, per la gestione dello spazio multifunzionale sul Piazzale delle Ciliegie per servizio di caffetteria e di piccola ristorazione e centro di aggregazione.<\/p>\n<p>Si intende affidare la gestione ad un concessionario che dovr\u00e0 gestire un servizio di caffetteria e di piccola ristorazione e dovr\u00e0 favorire la realizzazione, in sinergia con il Comune, le associazioni locali ed il terzo settore, di attivit\u00e0 di richiamo sotto il profilo sociale e culturale e che possa essere di riferimento per la valorizzazione dei prodotti tipici, per la promozione del territorio e per le informazioni turistiche, in un&#8217;ottica di coesione sociale e di sostenibilit\u00e0 ambientale, economica e sociale.<\/p>\n<p>Il\u00a0termine\u00a0per la presentazione delle offerte \u00e8 il\u00a05 aprile 2024, ore 12.La\u00a0prima seduta di gara\u00a0si svolger\u00e0 il\u00a010 aprile 2024 alle ore 9,30.<\/p>\n","protected":false},"excerpt":{"rendered":"","protected":false},"author":11,"featured_media":53402,"comment_status":"open","ping_status":"closed","sticky":false,"template":"","format":"standard","meta":[],"categories":[34],"tags":[],"news-destination":[],"news-source":[],"is_homepage":[581],"ta_other":[],"_links":{"self":[{"href":"https:\/\/www.ilmercoledi.news\/ilmercoledi\/news\/wp-json\/wp\/v2\/posts\/59219"}],"collection":[{"href":"https:\/\/www.ilmercoledi.news\/ilmercoledi\/news\/wp-json\/wp\/v2\/posts"}],"about":[{"href":"https:\/\/www.ilmercoledi.news\/ilmercoledi\/news\/wp-json\/wp\/v2\/types\/post"}],"author":[{"embeddable":true,"href":"https:\/\/www.ilmercoledi.news\/ilmercoledi\/news\/wp-json\/wp\/v2\/users\/11"}],"replies":[{"embeddable":true,"href":"https:\/\/www.ilmercoledi.news\/ilmercoledi\/news\/wp-json\/wp\/v2\/comments?post=59219"}],"version-history":[{"count":1,"href":"https:\/\/www.ilmercoledi.news\/ilmercoledi\/news\/wp-json\/wp\/v2\/posts\/59219\/revisions"}],"predecessor-version":[{"id":59222,"href":"https:\/\/www.ilmercoledi.news\/ilmercoledi\/news\/wp-json\/wp\/v2\/posts\/59219\/revisions\/59222"}],"wp:featuredmedia":[{"embeddable":true,"href":"https:\/\/www.ilmercoledi.news\/ilmercoledi\/news\/wp-json\/wp\/v2\/media\/53402"}],"wp:attachment":[{"href":"https:\/\/www.ilmercoledi.news\/ilmercoledi\/news\/wp-json\/wp\/v2\/media?parent=59219"}],"wp:term":[{"taxonomy":"category","embeddable":true,"href":"https:\/\/www.ilmercoledi.news\/ilmercoledi\/news\/wp-json\/wp\/v2\/categories?post=59219"},{"taxonomy":"post_tag","embeddable":true,"href":"https:\/\/www.ilmercoledi.news\/ilmercoledi\/news\/wp-json\/wp\/v2\/tags?post=59219"},{"taxonomy":"news-destination","embeddable":true,"href":"https:\/\/www.ilmercoledi.news\/ilmercoledi\/news\/wp-json\/wp\/v2\/news-destination?post=59219"},{"taxonomy":"news-source","embeddable":true,"href":"https:\/\/www.ilmercoledi.news\/ilmercoledi\/news\/wp-json\/wp\/v2\/news-source?post=59219"},{"taxonomy":"is_homepage","embeddable":true,"href":"https:\/\/www.ilmercoledi.news\/ilmercoledi\/news\/wp-json\/wp\/v2\/is_homepage?post=59219"},{"taxonomy":"ta_other","embeddable":true,"href":"https:\/\/www.ilmercoledi.news\/ilmercoledi\/news\/wp-json\/wp\/v2\/ta_other?post=59219"}],"curies":[{"name":"wp","href":"https:\/\/api.w.org\/{rel}","templated":true}]}}