{"id":59252,"date":"2024-03-07T14:36:25","date_gmt":"2024-03-07T13:36:25","guid":{"rendered":"https:\/\/euwps06.newsmemory.com\/ilmercoledi\/news\/?p=59252"},"modified":"2024-08-29T03:41:08","modified_gmt":"2023-11-03T03:41:08","slug":"nichelino-doppia-data-al-superga-per-il-comico-social-davide-durso","status":"publish","type":"post","link":"https:\/\/www.ilmercoledi.news\/2024\/03\/07\/nichelino-doppia-data-al-superga-per-il-comico-social-davide-durso\/","title":{"rendered":"NICHELINO &#8211; Doppia data al Superga per il comico social Davide D\u2019urso"},"content":{"rendered":"<p>Il \u201ccomico dei quartieri\u201d Davide D\u2019urso, che spopola sui social con pi\u00f9 di 58mila follower su Instagram, porta al Teatro Superga in una doppia data,\u00a0dopo il sold out di sabato 16 marzo, \u201cMetadurso\u201d. Lo spettacolo \u00e8 un viaggio nel mondo del cabaret e della magia comica che, passando tra la musica e il teatro, vede come protagonista Davide D\u2019urso e i suoi diversi personaggi che lo contraddistinguono sui social network. Il tutto avviene nel Metadurso, ovvero un universo digitale (un metaverso) nel quale il protagonista pu\u00f2 trasformarsi in ci\u00f2 che vuole, andare dove vuole e vivere i suoi sogni come se fossero reali. Pu\u00f2 anche avere risposte a qualunque domanda grazie all\u2019intelligenza artificiale, una voce che accompagna Davide durante tutto il suo percorso, conducendolo alla scoperta di s\u00e9 stesso. Alla fine della storia Davide capir\u00e0 che l\u2019universo in cui preferisce vivere \u00e8 quello reale, fatto di sensazioni, sorrisi ed empatia, ma capire quale sia la realt\u00e0 non sar\u00e0 pi\u00f9 cos\u00ec facile.<\/p>\n<p>Davide D\u2019urso \u00e8 il giovane attore comico torinese che si \u00e8 fatto conoscere al grande pubblico con i suoi monologhi durante il programma televisivo \u201cEccezionale Veramente\u201d con Diego Abatantuono e con i suoi personaggi a \u201cColorado\u201d su Italia 1. Recentemente sta spopolando su Instagram e Tik Tok con i suoi video dove interpreta i ragazzi dei vari quartieri di Torino, tra i suoi personaggi pi\u00f9 apprezzati: Carmagnola, Nichelino e Mirafiori.<\/p>\n<p>La sua formazione affonda le radici nella Torino magica. Un percorso avviato a soli 14 anni al Circolo Amici della Magia di Torino e proseguito verso il mondo della comicit\u00e0 al laboratorio del Cab41 per poi sbarcare a teatro con \u201cOnda D\u2019urso\u201d nel 2015, \u201cBenvenuti in casa D\u2019urso\u201d nel 2017 e \u201cMa sei il figlio di Barbara?\u201d nel 2019. Nel 2023 debutta a teatro con il suo nuovo spettacolo \u201cMetadurso\u201d mentre gira l\u2019Italia con Margherita Fumero nella commedia \u201cSherlock Holmes &amp; il mistero di Lady Margaret\u201d.<\/p>\n","protected":false},"excerpt":{"rendered":"","protected":false},"author":11,"featured_media":59250,"comment_status":"open","ping_status":"closed","sticky":false,"template":"","format":"standard","meta":[],"categories":[34],"tags":[],"news-destination":[],"news-source":[],"is_homepage":[581],"ta_other":[],"_links":{"self":[{"href":"https:\/\/www.ilmercoledi.news\/ilmercoledi\/news\/wp-json\/wp\/v2\/posts\/59252"}],"collection":[{"href":"https:\/\/www.ilmercoledi.news\/ilmercoledi\/news\/wp-json\/wp\/v2\/posts"}],"about":[{"href":"https:\/\/www.ilmercoledi.news\/ilmercoledi\/news\/wp-json\/wp\/v2\/types\/post"}],"author":[{"embeddable":true,"href":"https:\/\/www.ilmercoledi.news\/ilmercoledi\/news\/wp-json\/wp\/v2\/users\/11"}],"replies":[{"embeddable":true,"href":"https:\/\/www.ilmercoledi.news\/ilmercoledi\/news\/wp-json\/wp\/v2\/comments?post=59252"}],"version-history":[{"count":1,"href":"https:\/\/www.ilmercoledi.news\/ilmercoledi\/news\/wp-json\/wp\/v2\/posts\/59252\/revisions"}],"predecessor-version":[{"id":64040,"href":"https:\/\/www.ilmercoledi.news\/ilmercoledi\/news\/wp-json\/wp\/v2\/posts\/59252\/revisions\/64040"}],"wp:featuredmedia":[{"embeddable":true,"href":"https:\/\/www.ilmercoledi.news\/ilmercoledi\/news\/wp-json\/wp\/v2\/media\/59250"}],"wp:attachment":[{"href":"https:\/\/www.ilmercoledi.news\/ilmercoledi\/news\/wp-json\/wp\/v2\/media?parent=59252"}],"wp:term":[{"taxonomy":"category","embeddable":true,"href":"https:\/\/www.ilmercoledi.news\/ilmercoledi\/news\/wp-json\/wp\/v2\/categories?post=59252"},{"taxonomy":"post_tag","embeddable":true,"href":"https:\/\/www.ilmercoledi.news\/ilmercoledi\/news\/wp-json\/wp\/v2\/tags?post=59252"},{"taxonomy":"news-destination","embeddable":true,"href":"https:\/\/www.ilmercoledi.news\/ilmercoledi\/news\/wp-json\/wp\/v2\/news-destination?post=59252"},{"taxonomy":"news-source","embeddable":true,"href":"https:\/\/www.ilmercoledi.news\/ilmercoledi\/news\/wp-json\/wp\/v2\/news-source?post=59252"},{"taxonomy":"is_homepage","embeddable":true,"href":"https:\/\/www.ilmercoledi.news\/ilmercoledi\/news\/wp-json\/wp\/v2\/is_homepage?post=59252"},{"taxonomy":"ta_other","embeddable":true,"href":"https:\/\/www.ilmercoledi.news\/ilmercoledi\/news\/wp-json\/wp\/v2\/ta_other?post=59252"}],"curies":[{"name":"wp","href":"https:\/\/api.w.org\/{rel}","templated":true}]}}