{"id":59284,"date":"2024-03-12T07:10:18","date_gmt":"2024-03-12T06:10:18","guid":{"rendered":"https:\/\/euwps05.newsmemory.com\/ilmercoledi\/news\/?p=59284"},"modified":"2024-08-29T03:41:08","modified_gmt":"2023-11-03T03:41:08","slug":"carmagnola-lions-restaurano-il-ritratto-del-venerabile-giuseppe-bartolomeo-menochio","status":"publish","type":"post","link":"https:\/\/www.ilmercoledi.news\/2024\/03\/12\/carmagnola-lions-restaurano-il-ritratto-del-venerabile-giuseppe-bartolomeo-menochio\/","title":{"rendered":"CARMAGNOLA &#8211; I Lions restaurano il ritratto del Venerabile Giuseppe Bartolomeo Menochio"},"content":{"rendered":"<p>Il Lions Club Carmagnola ha comunicato l\u2019intenzione di provvedere al restauro del quadro di propriet\u00e0 comunale, un\u2019opera ad olio su tela di autore ignoto, che rappresenta il Ritratto del Venerabile Giuseppe Bartolomeo Menochio, agostiniano vescovo d\u2019Ippona, poi di Porfirio e confessore di Papa Pio VI, attualmente custodita presso i locali dell\u2019Archivio Storico comunale, all\u2019interno della Biblioteca Civica \u201cRainery Berti\u201d. Il Lions finanzierebbe interamente la spesa necessaria al restauro dell\u2019opera avvalendosi di ditta specializzata nel settore del restauro. Il ritratto, datato fra la seconda met\u00e0 del XVIII secolo e la prima met\u00e0 del XIX secolo, \u00e8 un quadro di pregevole valore artistico e storico, che richiede un adeguato intervento di ripristino conservativo.<\/p>\n","protected":false},"excerpt":{"rendered":"","protected":false},"author":11,"featured_media":59283,"comment_status":"open","ping_status":"closed","sticky":false,"template":"","format":"standard","meta":[],"categories":[34],"tags":[],"news-destination":[],"news-source":[],"is_homepage":[581],"ta_other":[],"_links":{"self":[{"href":"https:\/\/www.ilmercoledi.news\/ilmercoledi\/news\/wp-json\/wp\/v2\/posts\/59284"}],"collection":[{"href":"https:\/\/www.ilmercoledi.news\/ilmercoledi\/news\/wp-json\/wp\/v2\/posts"}],"about":[{"href":"https:\/\/www.ilmercoledi.news\/ilmercoledi\/news\/wp-json\/wp\/v2\/types\/post"}],"author":[{"embeddable":true,"href":"https:\/\/www.ilmercoledi.news\/ilmercoledi\/news\/wp-json\/wp\/v2\/users\/11"}],"replies":[{"embeddable":true,"href":"https:\/\/www.ilmercoledi.news\/ilmercoledi\/news\/wp-json\/wp\/v2\/comments?post=59284"}],"version-history":[{"count":1,"href":"https:\/\/www.ilmercoledi.news\/ilmercoledi\/news\/wp-json\/wp\/v2\/posts\/59284\/revisions"}],"predecessor-version":[{"id":64051,"href":"https:\/\/www.ilmercoledi.news\/ilmercoledi\/news\/wp-json\/wp\/v2\/posts\/59284\/revisions\/64051"}],"wp:featuredmedia":[{"embeddable":true,"href":"https:\/\/www.ilmercoledi.news\/ilmercoledi\/news\/wp-json\/wp\/v2\/media\/59283"}],"wp:attachment":[{"href":"https:\/\/www.ilmercoledi.news\/ilmercoledi\/news\/wp-json\/wp\/v2\/media?parent=59284"}],"wp:term":[{"taxonomy":"category","embeddable":true,"href":"https:\/\/www.ilmercoledi.news\/ilmercoledi\/news\/wp-json\/wp\/v2\/categories?post=59284"},{"taxonomy":"post_tag","embeddable":true,"href":"https:\/\/www.ilmercoledi.news\/ilmercoledi\/news\/wp-json\/wp\/v2\/tags?post=59284"},{"taxonomy":"news-destination","embeddable":true,"href":"https:\/\/www.ilmercoledi.news\/ilmercoledi\/news\/wp-json\/wp\/v2\/news-destination?post=59284"},{"taxonomy":"news-source","embeddable":true,"href":"https:\/\/www.ilmercoledi.news\/ilmercoledi\/news\/wp-json\/wp\/v2\/news-source?post=59284"},{"taxonomy":"is_homepage","embeddable":true,"href":"https:\/\/www.ilmercoledi.news\/ilmercoledi\/news\/wp-json\/wp\/v2\/is_homepage?post=59284"},{"taxonomy":"ta_other","embeddable":true,"href":"https:\/\/www.ilmercoledi.news\/ilmercoledi\/news\/wp-json\/wp\/v2\/ta_other?post=59284"}],"curies":[{"name":"wp","href":"https:\/\/api.w.org\/{rel}","templated":true}]}}