{"id":59310,"date":"2024-03-13T06:59:38","date_gmt":"2024-03-13T05:59:38","guid":{"rendered":"https:\/\/euwps05.newsmemory.com\/ilmercoledi\/news\/?p=59310"},"modified":"2024-08-29T03:41:08","modified_gmt":"2023-11-03T03:41:08","slug":"moncalieri-palazzo-mombello-un-incontro-sul-conflitto-mediorientale","status":"publish","type":"post","link":"https:\/\/www.ilmercoledi.news\/2024\/03\/13\/moncalieri-palazzo-mombello-un-incontro-sul-conflitto-mediorientale\/","title":{"rendered":"MONCALIERI &#8211; A Palazzo Mombello un incontro sul conflitto mediorientale"},"content":{"rendered":"<p>&#8220;Radici storiche e prospettive future del conflitto mediorientale&#8221;. E\u2019 un tema di grande attualit\u00e0 quello proposto dal Centro Culturale San Francesco del Carlo Alberto che sar\u00e0 affrontato nel corso di un incontro in programma venerd\u00ec 15 marzo alle ore 21 presso Palazzo Mombello, in via Real Collegio 28, Moncalieri.<\/p>\n<p>Un dibattito che guarda alla storia di un conflitto che da oltre 70 anni infiamma la Terra Santa, tornato prepontemenete di attualit\u00e0 che gli attentati del 7 ottobre e la guerra scatenata da Isarele contro Hamas che in quattro mesi ha causato pi\u00f9 di 30mila vittime.<\/p>\n<p>Ne parlano Aldo Rizza, professore emerito di Filosofia; Andrea Pennini, docente di Storia delle Istituzioni politiche presso l\u2019Universit\u00e0 di Torino. Modera Marco Margrita. Introduce Giancarlo Chiapello, presidente del Centro Culturale.<\/p>\n","protected":false},"excerpt":{"rendered":"","protected":false},"author":11,"featured_media":59309,"comment_status":"open","ping_status":"closed","sticky":false,"template":"","format":"standard","meta":[],"categories":[34],"tags":[],"news-destination":[],"news-source":[],"is_homepage":[581],"ta_other":[],"_links":{"self":[{"href":"https:\/\/www.ilmercoledi.news\/ilmercoledi\/news\/wp-json\/wp\/v2\/posts\/59310"}],"collection":[{"href":"https:\/\/www.ilmercoledi.news\/ilmercoledi\/news\/wp-json\/wp\/v2\/posts"}],"about":[{"href":"https:\/\/www.ilmercoledi.news\/ilmercoledi\/news\/wp-json\/wp\/v2\/types\/post"}],"author":[{"embeddable":true,"href":"https:\/\/www.ilmercoledi.news\/ilmercoledi\/news\/wp-json\/wp\/v2\/users\/11"}],"replies":[{"embeddable":true,"href":"https:\/\/www.ilmercoledi.news\/ilmercoledi\/news\/wp-json\/wp\/v2\/comments?post=59310"}],"version-history":[{"count":1,"href":"https:\/\/www.ilmercoledi.news\/ilmercoledi\/news\/wp-json\/wp\/v2\/posts\/59310\/revisions"}],"predecessor-version":[{"id":64061,"href":"https:\/\/www.ilmercoledi.news\/ilmercoledi\/news\/wp-json\/wp\/v2\/posts\/59310\/revisions\/64061"}],"wp:featuredmedia":[{"embeddable":true,"href":"https:\/\/www.ilmercoledi.news\/ilmercoledi\/news\/wp-json\/wp\/v2\/media\/59309"}],"wp:attachment":[{"href":"https:\/\/www.ilmercoledi.news\/ilmercoledi\/news\/wp-json\/wp\/v2\/media?parent=59310"}],"wp:term":[{"taxonomy":"category","embeddable":true,"href":"https:\/\/www.ilmercoledi.news\/ilmercoledi\/news\/wp-json\/wp\/v2\/categories?post=59310"},{"taxonomy":"post_tag","embeddable":true,"href":"https:\/\/www.ilmercoledi.news\/ilmercoledi\/news\/wp-json\/wp\/v2\/tags?post=59310"},{"taxonomy":"news-destination","embeddable":true,"href":"https:\/\/www.ilmercoledi.news\/ilmercoledi\/news\/wp-json\/wp\/v2\/news-destination?post=59310"},{"taxonomy":"news-source","embeddable":true,"href":"https:\/\/www.ilmercoledi.news\/ilmercoledi\/news\/wp-json\/wp\/v2\/news-source?post=59310"},{"taxonomy":"is_homepage","embeddable":true,"href":"https:\/\/www.ilmercoledi.news\/ilmercoledi\/news\/wp-json\/wp\/v2\/is_homepage?post=59310"},{"taxonomy":"ta_other","embeddable":true,"href":"https:\/\/www.ilmercoledi.news\/ilmercoledi\/news\/wp-json\/wp\/v2\/ta_other?post=59310"}],"curies":[{"name":"wp","href":"https:\/\/api.w.org\/{rel}","templated":true}]}}