{"id":59373,"date":"2024-03-14T14:23:15","date_gmt":"2024-03-14T13:23:15","guid":{"rendered":"https:\/\/euwps06.newsmemory.com\/ilmercoledi\/news\/?p=59373"},"modified":"2024-08-29T03:41:08","modified_gmt":"2023-11-03T03:41:08","slug":"stupinigi-ce-lesposizione-delle-macchine-agricole-e-lungo-il-controviale-non-si-potra-parcheggiare","status":"publish","type":"post","link":"https:\/\/www.ilmercoledi.news\/2024\/03\/14\/stupinigi-ce-lesposizione-delle-macchine-agricole-e-lungo-il-controviale-non-si-potra-parcheggiare\/","title":{"rendered":"STUPINIGI &#8211; C&#8217;\u00e8 l&#8217;esposizione delle macchine agricole e lungo il controviale non si potr\u00e0 parcheggiare"},"content":{"rendered":"<p>Nelle giornate del 15 e 16 marzo 2024 verr\u00e0 effettuato nel controviale est ( lato civici dispari \u2013 fronte civico 11) di viale Torino a Stupinigi un\u2019 esposizione statica di attrezzature e macchine agricole in occasione dello svolgimento dell\u2019 annuale Assemblea Nazionale all\u2019interno della Palazzina di Caccia di Stupinigi. Un evento privato che per\u00f2 obbliga il Comune a vietare la sosta nel fine settimana lungo tutto il viale indicato.<\/p>\n","protected":false},"excerpt":{"rendered":"","protected":false},"author":11,"featured_media":46889,"comment_status":"open","ping_status":"closed","sticky":false,"template":"","format":"standard","meta":[],"categories":[34],"tags":[],"news-destination":[],"news-source":[],"is_homepage":[581],"ta_other":[],"_links":{"self":[{"href":"https:\/\/www.ilmercoledi.news\/ilmercoledi\/news\/wp-json\/wp\/v2\/posts\/59373"}],"collection":[{"href":"https:\/\/www.ilmercoledi.news\/ilmercoledi\/news\/wp-json\/wp\/v2\/posts"}],"about":[{"href":"https:\/\/www.ilmercoledi.news\/ilmercoledi\/news\/wp-json\/wp\/v2\/types\/post"}],"author":[{"embeddable":true,"href":"https:\/\/www.ilmercoledi.news\/ilmercoledi\/news\/wp-json\/wp\/v2\/users\/11"}],"replies":[{"embeddable":true,"href":"https:\/\/www.ilmercoledi.news\/ilmercoledi\/news\/wp-json\/wp\/v2\/comments?post=59373"}],"version-history":[{"count":1,"href":"https:\/\/www.ilmercoledi.news\/ilmercoledi\/news\/wp-json\/wp\/v2\/posts\/59373\/revisions"}],"predecessor-version":[{"id":64104,"href":"https:\/\/www.ilmercoledi.news\/ilmercoledi\/news\/wp-json\/wp\/v2\/posts\/59373\/revisions\/64104"}],"wp:featuredmedia":[{"embeddable":true,"href":"https:\/\/www.ilmercoledi.news\/ilmercoledi\/news\/wp-json\/wp\/v2\/media\/46889"}],"wp:attachment":[{"href":"https:\/\/www.ilmercoledi.news\/ilmercoledi\/news\/wp-json\/wp\/v2\/media?parent=59373"}],"wp:term":[{"taxonomy":"category","embeddable":true,"href":"https:\/\/www.ilmercoledi.news\/ilmercoledi\/news\/wp-json\/wp\/v2\/categories?post=59373"},{"taxonomy":"post_tag","embeddable":true,"href":"https:\/\/www.ilmercoledi.news\/ilmercoledi\/news\/wp-json\/wp\/v2\/tags?post=59373"},{"taxonomy":"news-destination","embeddable":true,"href":"https:\/\/www.ilmercoledi.news\/ilmercoledi\/news\/wp-json\/wp\/v2\/news-destination?post=59373"},{"taxonomy":"news-source","embeddable":true,"href":"https:\/\/www.ilmercoledi.news\/ilmercoledi\/news\/wp-json\/wp\/v2\/news-source?post=59373"},{"taxonomy":"is_homepage","embeddable":true,"href":"https:\/\/www.ilmercoledi.news\/ilmercoledi\/news\/wp-json\/wp\/v2\/is_homepage?post=59373"},{"taxonomy":"ta_other","embeddable":true,"href":"https:\/\/www.ilmercoledi.news\/ilmercoledi\/news\/wp-json\/wp\/v2\/ta_other?post=59373"}],"curies":[{"name":"wp","href":"https:\/\/api.w.org\/{rel}","templated":true}]}}