{"id":59461,"date":"2024-03-20T07:54:42","date_gmt":"2024-03-20T06:54:42","guid":{"rendered":"https:\/\/euwps06.newsmemory.com\/ilmercoledi\/news\/?p=59461"},"modified":"2024-08-29T03:41:07","modified_gmt":"2023-11-03T03:41:07","slug":"carmagnola-poverta-crescita-citta-aumentano-le-famiglie-seguite-da-caritas-e-samaritano","status":"publish","type":"post","link":"https:\/\/www.ilmercoledi.news\/2024\/03\/20\/carmagnola-poverta-crescita-citta-aumentano-le-famiglie-seguite-da-caritas-e-samaritano\/","title":{"rendered":"CARMAGNOLA &#8211; Povert\u00e0 in crescita in citt\u00e0: aumentano le famiglie seguite da Caritas e Samaritano"},"content":{"rendered":"<p>La povert\u00e0 \u00e8 in crescita. Il Centro di Ascolto il Samaritano lancia l\u2019allarme: le famiglie in difficolt\u00e0 che si rivolgono alle Caritas parrocchiali della Collegiata e di Salsasio e al Centro di Ascolto sono 223 e sono ultimamente aumentate del 10%. Ogni mese l\u2019associazione aiuta direttamente 100 famiglie residenti a Carmagnola con un Isee annuo inferiore a 6.000 euro. Pochi casi, e segnalati dalle assistenti sociali del Cisa31, vengono aiutati anche se hanno un Isee un po\u2019 pi\u00f9 alto fino a 9.000 euro.<\/p>\n<p>\u201cA tutti loro &#8211; spiega il presidente del Samaritano Pino Mandarano &#8211; forniamo un pacco di generi alimentari due volte al mese, contributo iamo a pagare delle bollette di luce e gas, consegniamo a persone anziane un pasto a domicilio, consegniamo arredi per la casa a chi non pu\u00f2 acquistare mobili e paghiamo alcuni farmici non mutuabili, ma necessari. Ascoltiamo i loro racconti e le loro storie per capire quali sono le priorit\u00e0 e le necessit\u00e0 per superare momenti di disagio, suggerendo eventuali soluzioni e informandoli dei servizi utili esistenti sul territorio\u201d.<\/p>\n","protected":false},"excerpt":{"rendered":"","protected":false},"author":11,"featured_media":31873,"comment_status":"open","ping_status":"closed","sticky":false,"template":"","format":"standard","meta":[],"categories":[34],"tags":[],"news-destination":[],"news-source":[],"is_homepage":[581],"ta_other":[],"_links":{"self":[{"href":"https:\/\/www.ilmercoledi.news\/ilmercoledi\/news\/wp-json\/wp\/v2\/posts\/59461"}],"collection":[{"href":"https:\/\/www.ilmercoledi.news\/ilmercoledi\/news\/wp-json\/wp\/v2\/posts"}],"about":[{"href":"https:\/\/www.ilmercoledi.news\/ilmercoledi\/news\/wp-json\/wp\/v2\/types\/post"}],"author":[{"embeddable":true,"href":"https:\/\/www.ilmercoledi.news\/ilmercoledi\/news\/wp-json\/wp\/v2\/users\/11"}],"replies":[{"embeddable":true,"href":"https:\/\/www.ilmercoledi.news\/ilmercoledi\/news\/wp-json\/wp\/v2\/comments?post=59461"}],"version-history":[{"count":1,"href":"https:\/\/www.ilmercoledi.news\/ilmercoledi\/news\/wp-json\/wp\/v2\/posts\/59461\/revisions"}],"predecessor-version":[{"id":63982,"href":"https:\/\/www.ilmercoledi.news\/ilmercoledi\/news\/wp-json\/wp\/v2\/posts\/59461\/revisions\/63982"}],"wp:featuredmedia":[{"embeddable":true,"href":"https:\/\/www.ilmercoledi.news\/ilmercoledi\/news\/wp-json\/wp\/v2\/media\/31873"}],"wp:attachment":[{"href":"https:\/\/www.ilmercoledi.news\/ilmercoledi\/news\/wp-json\/wp\/v2\/media?parent=59461"}],"wp:term":[{"taxonomy":"category","embeddable":true,"href":"https:\/\/www.ilmercoledi.news\/ilmercoledi\/news\/wp-json\/wp\/v2\/categories?post=59461"},{"taxonomy":"post_tag","embeddable":true,"href":"https:\/\/www.ilmercoledi.news\/ilmercoledi\/news\/wp-json\/wp\/v2\/tags?post=59461"},{"taxonomy":"news-destination","embeddable":true,"href":"https:\/\/www.ilmercoledi.news\/ilmercoledi\/news\/wp-json\/wp\/v2\/news-destination?post=59461"},{"taxonomy":"news-source","embeddable":true,"href":"https:\/\/www.ilmercoledi.news\/ilmercoledi\/news\/wp-json\/wp\/v2\/news-source?post=59461"},{"taxonomy":"is_homepage","embeddable":true,"href":"https:\/\/www.ilmercoledi.news\/ilmercoledi\/news\/wp-json\/wp\/v2\/is_homepage?post=59461"},{"taxonomy":"ta_other","embeddable":true,"href":"https:\/\/www.ilmercoledi.news\/ilmercoledi\/news\/wp-json\/wp\/v2\/ta_other?post=59461"}],"curies":[{"name":"wp","href":"https:\/\/api.w.org\/{rel}","templated":true}]}}